{"id":111844,"date":"2025-03-18T01:10:13","date_gmt":"2025-03-18T01:10:13","guid":{"rendered":"https:\/\/tvbrazilusa.com\/2025\/03\/18\/urgente-alexandre-de-moraes-nega-saidinha-de-pascoa-a-daniel-silveira\/"},"modified":"2025-03-18T01:10:15","modified_gmt":"2025-03-18T01:10:15","slug":"urgente-alexandre-de-moraes-nega-saidinha-de-pascoa-a-daniel-silveira","status":"publish","type":"post","link":"https:\/\/tvbrazilusa.com\/pt\/2025\/03\/18\/urgente-alexandre-de-moraes-nega-saidinha-de-pascoa-a-daniel-silveira\/","title":{"rendered":"URGENTE: Alexandre de Moraes nega saidinha de P\u00e1scoa a Daniel Silveira"},"content":{"rendered":"<p> <script async src=\"https:\/\/pagead2.googlesyndication.com\/pagead\/js\/adsbygoogle.js?client=ca-pub-8864793242727901\"\r\n     crossorigin=\"anonymous\"><\/script><br \/>\n<\/p>\n<div id=\"taboola-read-more\" style=\"display:block; width:100%\">\n<p>O ministro Alexandre de Moraes, do Supremo Tribunal Federal (STF), negou pedido da defesa do ex-deputado federal Daniel Silveira para deixar temporariamente o regime semiaberto durante o feriado de P\u00e1scoa.\n<\/p>\n<p>Os advogados de Silveira pediram para ele passar a P\u00e1scoa com a fam\u00edlia. O subprocurador-geral da Rep\u00fablica Hindenburgo Chateaubriand se manifestou contra o pedido por considerar que as condi\u00e7\u00f5es impostas n\u00e3o podiam ser atendidas. Nesta segunda-feira (17\/3), Moraes seguiu a PGR e negou o pedido.<\/p>\n<p><strong>Entenda o caso<\/strong><br \/>Condenado a 8 anos e 9 meses de pris\u00e3o, Silveira cumpre pena atualmente em regime semiaberto.<br \/>O ex-deputado se apresenta diariamente \u00e0 Col\u00f4nia Agr\u00edcola Marco Aur\u00e9lio Vergas Tavares de Mattos, em Mag\u00e9 (RJ).<br \/>A defesa pediu a libera\u00e7\u00e3o dele no per\u00edodo da \u201csaidinha\u201d de P\u00e1scoa. A PGR foi contra.<br \/>Chateaubriand reconheceu que Silveira se enquadra nos requisitos para a concess\u00e3o do benef\u00edcio, mas argumentou que as condi\u00e7\u00f5es impostas pela defesa n\u00e3o podem ser atendidas.\n<\/p>\n<p><strong>\u201c\u00c9 que o seu reingresso no sistema carcer\u00e1rio ocorreu em data recente, ap\u00f3s o descumprimento proposital das condi\u00e7\u00f5es impostas ao seu livramento condicional. Ainda que essas faltas n\u00e3o produzam efeitos sob o regime disciplinar a que ele se encontra internamente submetido, impedem, sobretudo quando se considera a proximidade do fato, que se lhe reconhe\u00e7a, no presente momento, o comportamento adequado ou a pr\u00f3pria compatibilidade do benef\u00edcio com a recente revers\u00e3o do seu status e, portanto, com os objetivos da sua pena\u201d, escreveu o procurador.<\/strong>\n<\/p>\n<p>O ex-deputado foi condenado em abril de 2022 por ampla maioria no STF a 8 anos e 9 meses de pris\u00e3o, al\u00e9m do pagamento de R$ 192,5 mil em multa, pelos crimes de tentativa de impedir, com viol\u00eancia ou grave amea\u00e7a, o livre exerc\u00edcio de qualquer Poder da Uni\u00e3o ou dos estados, e por coa\u00e7\u00e3o no curso do processo. Ele tamb\u00e9m se tornou ineleg\u00edvel por oito anos.\n<\/p>\n<p>Ainda em abril de 2022, o ent\u00e3o presidente Jair Bolsonaro (PL) concedeu indulto presidencial a Silveira, anulando a pena. No entanto, em 2023, o STF derrubou o indulto e determinou a pris\u00e3o imediata do ex-deputado, argumentando que a medida era inconstitucional.\n<\/p>\n<p>Fonte: Metr\u00f3poles              <\/p>\n<\/div>\n<p><br \/>\n<br \/><a href=\"https:\/\/diariodobrasilnoticias.com.br\/noticia\/urgente-alexandre-de-moraes-nega-saidinha-de-pascoa-a-daniel-silveira-67d89ed0556f9\">Source link <\/a><\/p>","protected":false},"excerpt":{"rendered":"<p>O ministro Alexandre de Moraes, do Supremo Tribunal Federal (STF), negou pedido da defesa do ex-deputado federal Daniel Silveira para deixar temporariamente o regime semiaberto durante o feriado de P\u00e1scoa.&hellip;<\/p>","protected":false},"author":1,"featured_media":111845,"comment_status":"closed","ping_status":"open","sticky":false,"template":"","format":"standard","meta":{"content-type":"","footnotes":""},"categories":[16],"tags":[123,2448,5313,1267],"class_list":["post-111844","post","type-post","status-publish","format-standard","has-post-thumbnail","hentry","category-noticias","tag-brasil","tag-diario","tag-noticia","tag-noticias"],"_links":{"self":[{"href":"https:\/\/tvbrazilusa.com\/pt\/wp-json\/wp\/v2\/posts\/111844","targetHints":{"allow":["GET"]}}],"collection":[{"href":"https:\/\/tvbrazilusa.com\/pt\/wp-json\/wp\/v2\/posts"}],"about":[{"href":"https:\/\/tvbrazilusa.com\/pt\/wp-json\/wp\/v2\/types\/post"}],"author":[{"embeddable":true,"href":"https:\/\/tvbrazilusa.com\/pt\/wp-json\/wp\/v2\/users\/1"}],"replies":[{"embeddable":true,"href":"https:\/\/tvbrazilusa.com\/pt\/wp-json\/wp\/v2\/comments?post=111844"}],"version-history":[{"count":1,"href":"https:\/\/tvbrazilusa.com\/pt\/wp-json\/wp\/v2\/posts\/111844\/revisions"}],"predecessor-version":[{"id":111846,"href":"https:\/\/tvbrazilusa.com\/pt\/wp-json\/wp\/v2\/posts\/111844\/revisions\/111846"}],"wp:featuredmedia":[{"embeddable":true,"href":"https:\/\/tvbrazilusa.com\/pt\/wp-json\/wp\/v2\/media\/111845"}],"wp:attachment":[{"href":"https:\/\/tvbrazilusa.com\/pt\/wp-json\/wp\/v2\/media?parent=111844"}],"wp:term":[{"taxonomy":"category","embeddable":true,"href":"https:\/\/tvbrazilusa.com\/pt\/wp-json\/wp\/v2\/categories?post=111844"},{"taxonomy":"post_tag","embeddable":true,"href":"https:\/\/tvbrazilusa.com\/pt\/wp-json\/wp\/v2\/tags?post=111844"}],"curies":[{"name":"wp","href":"https:\/\/api.w.org\/{rel}","templated":true}]}}