{"id":111847,"date":"2025-03-18T01:23:18","date_gmt":"2025-03-18T01:23:18","guid":{"rendered":"https:\/\/tvbrazilusa.com\/2025\/03\/18\/maicol-antonio-confessa-que-matou-a-jovem-vitoria-veja-video\/"},"modified":"2025-03-18T01:23:19","modified_gmt":"2025-03-18T01:23:19","slug":"maicol-antonio-confessa-que-matou-a-jovem-vitoria-veja-video","status":"publish","type":"post","link":"https:\/\/tvbrazilusa.com\/pt\/2025\/03\/18\/maicol-antonio-confessa-que-matou-a-jovem-vitoria-veja-video\/","title":{"rendered":"Maicol Ant\u00f4nio confessa que matou a jovem Vit\u00f3ria; VEJA V\u00cdDEO"},"content":{"rendered":"<p> <script async src=\"https:\/\/pagead2.googlesyndication.com\/pagead\/js\/adsbygoogle.js?client=ca-pub-8864793242727901\"\r\n     crossorigin=\"anonymous\"><\/script><br \/>\n<\/p>\n<div id=\"taboola-read-more\" style=\"display:block; width:100%\">\n<p>Em um desdobramento chocante do caso que abalou Cajamar, na Grande S\u00e3o Paulo, Maicol Ant\u00f4nio Sales dos Santos confessou, nesta segunda-feira, 17 de mar\u00e7o de 2025, ter assassinado a adolescente Vit\u00f3ria Regina de Sousa, de 17 anos. O suspeito, que j\u00e1 estava preso temporariamente desde o dia 8 de mar\u00e7o, admitiu o crime em novo depoimento \u00e0 pol\u00edcia, afirmando ter agido sozinho. A jovem, encontrada morta com sinais de tortura em uma \u00e1rea de mata no in\u00edcio do m\u00eas, desapareceu em 26 de fevereiro ap\u00f3s sair do trabalho, e o caso vinha sendo investigado com base em evid\u00eancias como manchas de sangue no carro de Maicol e contradi\u00e7\u00f5es em seu \u00e1libi inicial.\n<\/p>\n<p><strong>ASSISTA:<\/strong><\/p>\n<p>Fonte: Choquei \/ X              <\/p>\n<\/div>\n<p><br \/>\n<br \/><a href=\"https:\/\/diariodobrasilnoticias.com.br\/noticia\/maicol-antonio-confessa-que-matou-a-jovem-vitoria-veja-video-67d89e55341b2\">Source link <\/a><\/p>","protected":false},"excerpt":{"rendered":"<p>Em um desdobramento chocante do caso que abalou Cajamar, na Grande S\u00e3o Paulo, Maicol Ant\u00f4nio Sales dos Santos confessou, nesta segunda-feira, 17 de mar\u00e7o de 2025, ter assassinado a adolescente&hellip;<\/p>","protected":false},"author":1,"featured_media":111848,"comment_status":"closed","ping_status":"open","sticky":false,"template":"","format":"standard","meta":{"content-type":"","footnotes":""},"categories":[16],"tags":[123,2448,5313,1267],"class_list":["post-111847","post","type-post","status-publish","format-standard","has-post-thumbnail","hentry","category-noticias","tag-brasil","tag-diario","tag-noticia","tag-noticias"],"_links":{"self":[{"href":"https:\/\/tvbrazilusa.com\/pt\/wp-json\/wp\/v2\/posts\/111847","targetHints":{"allow":["GET"]}}],"collection":[{"href":"https:\/\/tvbrazilusa.com\/pt\/wp-json\/wp\/v2\/posts"}],"about":[{"href":"https:\/\/tvbrazilusa.com\/pt\/wp-json\/wp\/v2\/types\/post"}],"author":[{"embeddable":true,"href":"https:\/\/tvbrazilusa.com\/pt\/wp-json\/wp\/v2\/users\/1"}],"replies":[{"embeddable":true,"href":"https:\/\/tvbrazilusa.com\/pt\/wp-json\/wp\/v2\/comments?post=111847"}],"version-history":[{"count":1,"href":"https:\/\/tvbrazilusa.com\/pt\/wp-json\/wp\/v2\/posts\/111847\/revisions"}],"predecessor-version":[{"id":111849,"href":"https:\/\/tvbrazilusa.com\/pt\/wp-json\/wp\/v2\/posts\/111847\/revisions\/111849"}],"wp:featuredmedia":[{"embeddable":true,"href":"https:\/\/tvbrazilusa.com\/pt\/wp-json\/wp\/v2\/media\/111848"}],"wp:attachment":[{"href":"https:\/\/tvbrazilusa.com\/pt\/wp-json\/wp\/v2\/media?parent=111847"}],"wp:term":[{"taxonomy":"category","embeddable":true,"href":"https:\/\/tvbrazilusa.com\/pt\/wp-json\/wp\/v2\/categories?post=111847"},{"taxonomy":"post_tag","embeddable":true,"href":"https:\/\/tvbrazilusa.com\/pt\/wp-json\/wp\/v2\/tags?post=111847"}],"curies":[{"name":"wp","href":"https:\/\/api.w.org\/{rel}","templated":true}]}}