{"id":111850,"date":"2025-03-18T01:35:14","date_gmt":"2025-03-18T01:35:14","guid":{"rendered":"https:\/\/tvbrazilusa.com\/2025\/03\/18\/medica-relata-que-menino-voltou-a-vida-apos-oracao-de-avo-rasguei-o-atestado-de-obito-veja-video\/"},"modified":"2025-03-18T01:35:15","modified_gmt":"2025-03-18T01:35:15","slug":"medica-relata-que-menino-voltou-a-vida-apos-oracao-de-avo-rasguei-o-atestado-de-obito-veja-video","status":"publish","type":"post","link":"https:\/\/tvbrazilusa.com\/pt\/2025\/03\/18\/medica-relata-que-menino-voltou-a-vida-apos-oracao-de-avo-rasguei-o-atestado-de-obito-veja-video\/","title":{"rendered":"M\u00e9dica relata que menino voltou \u00e0 vida ap\u00f3s ora\u00e7\u00e3o de av\u00f3: &#8216;Rasguei o atestado de \u00f3bito&#8217;; VEJA V\u00cdDEO"},"content":{"rendered":"<p> <script async src=\"https:\/\/pagead2.googlesyndication.com\/pagead\/js\/adsbygoogle.js?client=ca-pub-8864793242727901\"\r\n     crossorigin=\"anonymous\"><\/script><br \/>\n<\/p>\n<div id=\"taboola-read-more\" style=\"display:block; width:100%\">\n<p>Na \u00faltima sexta-feira (14), uma m\u00e9dica no interior de S\u00e3o Paulo afirmou que \u201cDeus opera milagres\u201d ao contar o testemunho de uma crian\u00e7a que morreu afogada e voltou \u00e0 vida ap\u00f3s a ora\u00e7\u00e3o da av\u00f3 no hospital.\n<\/p>\n<p>A pediatra Marta Dornellas relatou em um v\u00eddeo no Instagram o poder da ora\u00e7\u00e3o ao contar o caso de um paciente chamado Davi, que foi declarado morto v\u00edtima de um afogamento.<\/p>\n<p>\u201cEu resolvi fazer esse v\u00eddeo porque \u00e0s vezes a gente s\u00f3 mostra as doen\u00e7as, s\u00f3 as coisas materiais que n\u00f3s m\u00e9dicos presenciamos. Ent\u00e3o, eu quero aqui deixar meu depoimento sobre o pequeno Davi que foi afogado. Eu quero mostrar aqui o poder da ora\u00e7\u00e3o, o poder de Deus que est\u00e1 sempre acima de n\u00f3s. N\u00f3s temos a parte da mat\u00e9ria, mas acima de Deus n\u00e3o tem\u201d, declarou Marta.\n<\/p>\n<p>Marta contou que quatro m\u00e9dicos tentaram reanimar o menino, no entanto, ele foi declarado morto devido a um afogamento. Enquanto eles preenchiam a transfer\u00eancia do corpo para o Instituto M\u00e9dico Legal (IML) \u2014 pelo fato de ser acidente \u2014 a m\u00e3e pediu para ver o filho.\n<\/p>\n<p>\u201cN\u00f3s a autorizamos, ela ficou com essa crian\u00e7a no colo e a av\u00f3, que n\u00e3o escorria nenhuma l\u00e1grima, fez uma ora\u00e7\u00e3o t\u00e3o forte, que atrav\u00e9s do poder de Deus e da ora\u00e7\u00e3o, ela pediu ao Senhor pelo netinho\u201d, relatou Marta.\n<\/p>\n<p>Segundo a pediatra, a m\u00e3e de Davi trabalha no hospital e muitos profissionais tamb\u00e9m choraram devido ao incidente com a crian\u00e7a. Por\u00e9m, todos foram surpreendidos pelo milagre de Deus na ocasi\u00e3o.\n<\/p>\n<p>\u201cEu declarei o \u00f3bito da crian\u00e7a e ele ficou no colo da m\u00e3e. Quando eu fui passar a m\u00e3o na cabe\u00e7a dele, eu vi que ele estava rosadinho e senti o pulso dele de volta, ent\u00e3o eu falei: \u2018Eu n\u00e3o estou acreditando no que eu estou vendo\u2019\u201d, testemunhou Marta.\n<\/p>\n<p>\u201cEnt\u00e3o, voltamos a fazer todas as manobras e rasgamos o papel. Fizemos a reanima\u00e7\u00e3o dessa crian\u00e7a e ela voltou a ficar rosadinha, voltou a ficar com a pupila reagente e mexeu o p\u00e9zinho\u201d, concluiu a pediatra.\n<\/p>\n<p><strong>ASSISTA:<\/strong>\n<\/p>\n<p>Fonte: @guiame_oficial \/ Instagram              <\/p>\n<\/div>\n<p><br \/>\n<br \/><a href=\"https:\/\/diariodobrasilnoticias.com.br\/noticia\/medica-relata-que-menino-voltou-a-vida-apos-oracao-de-avo-rasguei-o-atestado-de-obito-veja-video-67d89fced4ff5\">Source link <\/a><\/p>","protected":false},"excerpt":{"rendered":"<p>Na \u00faltima sexta-feira (14), uma m\u00e9dica no interior de S\u00e3o Paulo afirmou que \u201cDeus opera milagres\u201d ao contar o testemunho de uma crian\u00e7a que morreu afogada e voltou \u00e0 vida&hellip;<\/p>","protected":false},"author":1,"featured_media":111851,"comment_status":"closed","ping_status":"open","sticky":false,"template":"","format":"standard","meta":{"content-type":"","footnotes":""},"categories":[16],"tags":[123,2448,5313,1267],"class_list":["post-111850","post","type-post","status-publish","format-standard","has-post-thumbnail","hentry","category-noticias","tag-brasil","tag-diario","tag-noticia","tag-noticias"],"_links":{"self":[{"href":"https:\/\/tvbrazilusa.com\/pt\/wp-json\/wp\/v2\/posts\/111850","targetHints":{"allow":["GET"]}}],"collection":[{"href":"https:\/\/tvbrazilusa.com\/pt\/wp-json\/wp\/v2\/posts"}],"about":[{"href":"https:\/\/tvbrazilusa.com\/pt\/wp-json\/wp\/v2\/types\/post"}],"author":[{"embeddable":true,"href":"https:\/\/tvbrazilusa.com\/pt\/wp-json\/wp\/v2\/users\/1"}],"replies":[{"embeddable":true,"href":"https:\/\/tvbrazilusa.com\/pt\/wp-json\/wp\/v2\/comments?post=111850"}],"version-history":[{"count":1,"href":"https:\/\/tvbrazilusa.com\/pt\/wp-json\/wp\/v2\/posts\/111850\/revisions"}],"predecessor-version":[{"id":111852,"href":"https:\/\/tvbrazilusa.com\/pt\/wp-json\/wp\/v2\/posts\/111850\/revisions\/111852"}],"wp:featuredmedia":[{"embeddable":true,"href":"https:\/\/tvbrazilusa.com\/pt\/wp-json\/wp\/v2\/media\/111851"}],"wp:attachment":[{"href":"https:\/\/tvbrazilusa.com\/pt\/wp-json\/wp\/v2\/media?parent=111850"}],"wp:term":[{"taxonomy":"category","embeddable":true,"href":"https:\/\/tvbrazilusa.com\/pt\/wp-json\/wp\/v2\/categories?post=111850"},{"taxonomy":"post_tag","embeddable":true,"href":"https:\/\/tvbrazilusa.com\/pt\/wp-json\/wp\/v2\/tags?post=111850"}],"curies":[{"name":"wp","href":"https:\/\/api.w.org\/{rel}","templated":true}]}}