{"id":111865,"date":"2025-03-18T02:40:31","date_gmt":"2025-03-18T02:40:31","guid":{"rendered":"https:\/\/tvbrazilusa.com\/2025\/03\/18\/empresario-fica-ferido-apos-soltar-rojao-em-loja-veja-video\/"},"modified":"2025-03-18T02:40:32","modified_gmt":"2025-03-18T02:40:32","slug":"empresario-fica-ferido-apos-soltar-rojao-em-loja-veja-video","status":"publish","type":"post","link":"https:\/\/tvbrazilusa.com\/pt\/2025\/03\/18\/empresario-fica-ferido-apos-soltar-rojao-em-loja-veja-video\/","title":{"rendered":"Empres\u00e1rio fica ferido ap\u00f3s soltar roj\u00e3o em loja; VEJA V\u00cdDEO"},"content":{"rendered":"<p> <script async src=\"https:\/\/pagead2.googlesyndication.com\/pagead\/js\/adsbygoogle.js?client=ca-pub-8864793242727901\"\r\n     crossorigin=\"anonymous\"><\/script><br \/>\n<\/p>\n<div id=\"taboola-read-more\" style=\"display:block; width:100%\">\n<p>Um empres\u00e1rio ficou ferido na comemora\u00e7\u00e3o de uma venda de motocicleta em Feira de Santana, na Bahia. Um v\u00eddeo, publicado neste s\u00e1bado (15), o mostra soltando um roj\u00e3o na entrada da loja Not Motos ap\u00f3s concluir a negocia\u00e7\u00e3o do autom\u00f3vel, adquirido por um jovem ao seu lado. O explosivo acerta o teto, ricocheteia e atinge o homem, que derruba a moto e cai na sequ\u00eancia.\n<\/p>\n<p>Em publica\u00e7\u00f5es nas redes sociais, ele mostra que teve um ferimento leve no pesco\u00e7o e passa bem. A estrutura do estabelecimento e um carro, que estava estacionado \u00e0 frente, ficaram marcados com furos e amassados.<\/p>\n<p><strong>ASSISTA:<\/strong>\n<\/p>\n<p>Fonte: @jovempannews \/ Instagram              <\/p>\n<\/div>\n<p><br \/>\n<br \/><a href=\"https:\/\/diariodobrasilnoticias.com.br\/noticia\/empresario-fica-ferido-apos-soltar-rojao-em-loja-veja-video-67d8aed857c66\">Source link <\/a><\/p>","protected":false},"excerpt":{"rendered":"<p>Um empres\u00e1rio ficou ferido na comemora\u00e7\u00e3o de uma venda de motocicleta em Feira de Santana, na Bahia. Um v\u00eddeo, publicado neste s\u00e1bado (15), o mostra soltando um roj\u00e3o na entrada&hellip;<\/p>","protected":false},"author":1,"featured_media":111866,"comment_status":"closed","ping_status":"open","sticky":false,"template":"","format":"standard","meta":{"content-type":"","footnotes":""},"categories":[16],"tags":[123,2448,5313,1267],"class_list":["post-111865","post","type-post","status-publish","format-standard","has-post-thumbnail","hentry","category-noticias","tag-brasil","tag-diario","tag-noticia","tag-noticias"],"_links":{"self":[{"href":"https:\/\/tvbrazilusa.com\/pt\/wp-json\/wp\/v2\/posts\/111865","targetHints":{"allow":["GET"]}}],"collection":[{"href":"https:\/\/tvbrazilusa.com\/pt\/wp-json\/wp\/v2\/posts"}],"about":[{"href":"https:\/\/tvbrazilusa.com\/pt\/wp-json\/wp\/v2\/types\/post"}],"author":[{"embeddable":true,"href":"https:\/\/tvbrazilusa.com\/pt\/wp-json\/wp\/v2\/users\/1"}],"replies":[{"embeddable":true,"href":"https:\/\/tvbrazilusa.com\/pt\/wp-json\/wp\/v2\/comments?post=111865"}],"version-history":[{"count":1,"href":"https:\/\/tvbrazilusa.com\/pt\/wp-json\/wp\/v2\/posts\/111865\/revisions"}],"predecessor-version":[{"id":111867,"href":"https:\/\/tvbrazilusa.com\/pt\/wp-json\/wp\/v2\/posts\/111865\/revisions\/111867"}],"wp:featuredmedia":[{"embeddable":true,"href":"https:\/\/tvbrazilusa.com\/pt\/wp-json\/wp\/v2\/media\/111866"}],"wp:attachment":[{"href":"https:\/\/tvbrazilusa.com\/pt\/wp-json\/wp\/v2\/media?parent=111865"}],"wp:term":[{"taxonomy":"category","embeddable":true,"href":"https:\/\/tvbrazilusa.com\/pt\/wp-json\/wp\/v2\/categories?post=111865"},{"taxonomy":"post_tag","embeddable":true,"href":"https:\/\/tvbrazilusa.com\/pt\/wp-json\/wp\/v2\/tags?post=111865"}],"curies":[{"name":"wp","href":"https:\/\/api.w.org\/{rel}","templated":true}]}}