{"id":111905,"date":"2025-03-18T12:21:23","date_gmt":"2025-03-18T12:21:23","guid":{"rendered":"https:\/\/tvbrazilusa.com\/2025\/03\/18\/astronautas-presos-no-espaco-iniciam-retorno-a-terra-veja-video\/"},"modified":"2025-03-18T12:21:24","modified_gmt":"2025-03-18T12:21:24","slug":"astronautas-presos-no-espaco-iniciam-retorno-a-terra-veja-video","status":"publish","type":"post","link":"https:\/\/tvbrazilusa.com\/pt\/2025\/03\/18\/astronautas-presos-no-espaco-iniciam-retorno-a-terra-veja-video\/","title":{"rendered":"Astronautas &#8216;presos&#8217; no espa\u00e7o iniciam retorno \u00e0 Terra; VEJA V\u00cdDEO"},"content":{"rendered":"<p> <script async src=\"https:\/\/pagead2.googlesyndication.com\/pagead\/js\/adsbygoogle.js?client=ca-pub-8864793242727901\"\r\n     crossorigin=\"anonymous\"><\/script><br \/>\n<\/p>\n<div id=\"taboola-read-more\" style=\"display:block; width:100%\">\n<p>A esperada volta para casa come\u00e7ou oficialmente. Depois de uma miss\u00e3o que deveria durar oito dias, mas se estendeu por nove meses, os astronautas &#8220;presos&#8221; no espa\u00e7o Suni Williams e Butch Wilmore est\u00e3o finalmente a caminho da Terra.\n<\/p>\n<p>Ao todo, eles passaram 287 dias na Esta\u00e7\u00e3o Espacial Internacional (ISS, na sigla em ingl\u00eas) devido a problemas t\u00e9cnicos na c\u00e1psula Starliner, da Boeing, que deveria ter trazido a dupla por volta de junho de 2024.<\/p>\n<p>Com o retorno adiado indefinidamente, a solu\u00e7\u00e3o foi embarcar na c\u00e1psula Dragon Freedom, da SpaceX, que desacoplou da ISS na madrugada desta ter\u00e7a-feira (2h05 no hor\u00e1rio de Bras\u00edlia).\n<\/p>\n<p>A bordo tamb\u00e9m est\u00e3o os astronautas Nick Hague e o cosmonauta russo Aleksandr Gorbunov, que fazem parte miss\u00e3o Crew-9.\n<\/p>\n<p>O trajeto inclui v\u00e1rias fases cr\u00edticas: o desacoplamento da esta\u00e7\u00e3o, uma s\u00e9rie de manobras orbitais para posicionar a c\u00e1psula corretamente, a queima de reentrada que desacelera a c\u00e1psula, e finalmente a descida controlada at\u00e9 o oceano usando paraquedas:\n<\/p>\n<p>&#8211; Fechamento da escotilha: O retorno da c\u00e1psula da SpaceX come\u00e7ou com os preparativos para fechamento da escotilha \u00e0s 23h45 da \u00faltima segunda-feira (17).<br \/>&#8211; Desacoplamento: A partida (desacoplamento do ve\u00edculo da esta\u00e7\u00e3o espacial) \u00e0s 2h05 da madrugada de ter\u00e7a-feira.<br \/>&#8211; Chegada: Pelas estimativas da Nasa, o retorno dos astronautas ser\u00e1 um processo que durar\u00e1 aproximadamente 17 horas no total, desde o fechamento da escotilha at\u00e9 a amerissagem (pouso na \u00e1gua) prevista para \u00e0s 18h57 de ter\u00e7a-feira.<br \/>&#8211; Ponto de pouso: astronautas devem ser resgatados em um ponto (ainda n\u00e3o detalhado) na costa da Fl\u00f3rida, nos EUA.\n<\/p>\n<p>Ap\u00f3s a amerissagem, equipes de recupera\u00e7\u00e3o estar\u00e3o prontas para resgatar os astronautas e a c\u00e1psula, finalizando assim a miss\u00e3o que manteve Wilmore e Williams no espa\u00e7o por muito al\u00e9m do tempo inicialmente previsto.A esperada volta para casa come\u00e7ou oficialmente. Depois de uma miss\u00e3o que deveria durar oito dias, mas se estendeu por nove meses, os astronautas &#8220;presos&#8221; no espa\u00e7o Suni Williams e Butch Wilmore est\u00e3o finalmente a caminho da Terra.\n<\/p>\n<p>ASSISTA:\n<\/p>\n<article id=\"artigo-texto\" class=\"blog-article\">\n<\/article><\/div>\n<p><br \/>\n<br \/><a href=\"https:\/\/diariodobrasilnoticias.com.br\/noticia\/astronautas-presos-no-espaco-iniciam-retorno-a-terra-veja-video-67d951072a7e2\">Source link <\/a><\/p>","protected":false},"excerpt":{"rendered":"<p>A esperada volta para casa come\u00e7ou oficialmente. Depois de uma miss\u00e3o que deveria durar oito dias, mas se estendeu por nove meses, os astronautas &#8220;presos&#8221; no espa\u00e7o Suni Williams e&hellip;<\/p>","protected":false},"author":1,"featured_media":111906,"comment_status":"closed","ping_status":"open","sticky":false,"template":"","format":"standard","meta":{"content-type":"","footnotes":""},"categories":[16],"tags":[123,2448,5313,1267],"class_list":["post-111905","post","type-post","status-publish","format-standard","has-post-thumbnail","hentry","category-noticias","tag-brasil","tag-diario","tag-noticia","tag-noticias"],"_links":{"self":[{"href":"https:\/\/tvbrazilusa.com\/pt\/wp-json\/wp\/v2\/posts\/111905","targetHints":{"allow":["GET"]}}],"collection":[{"href":"https:\/\/tvbrazilusa.com\/pt\/wp-json\/wp\/v2\/posts"}],"about":[{"href":"https:\/\/tvbrazilusa.com\/pt\/wp-json\/wp\/v2\/types\/post"}],"author":[{"embeddable":true,"href":"https:\/\/tvbrazilusa.com\/pt\/wp-json\/wp\/v2\/users\/1"}],"replies":[{"embeddable":true,"href":"https:\/\/tvbrazilusa.com\/pt\/wp-json\/wp\/v2\/comments?post=111905"}],"version-history":[{"count":1,"href":"https:\/\/tvbrazilusa.com\/pt\/wp-json\/wp\/v2\/posts\/111905\/revisions"}],"predecessor-version":[{"id":111907,"href":"https:\/\/tvbrazilusa.com\/pt\/wp-json\/wp\/v2\/posts\/111905\/revisions\/111907"}],"wp:featuredmedia":[{"embeddable":true,"href":"https:\/\/tvbrazilusa.com\/pt\/wp-json\/wp\/v2\/media\/111906"}],"wp:attachment":[{"href":"https:\/\/tvbrazilusa.com\/pt\/wp-json\/wp\/v2\/media?parent=111905"}],"wp:term":[{"taxonomy":"category","embeddable":true,"href":"https:\/\/tvbrazilusa.com\/pt\/wp-json\/wp\/v2\/categories?post=111905"},{"taxonomy":"post_tag","embeddable":true,"href":"https:\/\/tvbrazilusa.com\/pt\/wp-json\/wp\/v2\/tags?post=111905"}],"curies":[{"name":"wp","href":"https:\/\/api.w.org\/{rel}","templated":true}]}}