{"id":111911,"date":"2025-03-18T12:46:53","date_gmt":"2025-03-18T12:46:53","guid":{"rendered":"https:\/\/tvbrazilusa.com\/2025\/03\/18\/um-dos-dez-criminosos-mais-procurados-pelo-fbi-lider-da-ms-13-e-capturado-no-mexico\/"},"modified":"2025-03-18T12:46:54","modified_gmt":"2025-03-18T12:46:54","slug":"um-dos-dez-criminosos-mais-procurados-pelo-fbi-lider-da-ms-13-e-capturado-no-mexico","status":"publish","type":"post","link":"https:\/\/tvbrazilusa.com\/pt\/2025\/03\/18\/um-dos-dez-criminosos-mais-procurados-pelo-fbi-lider-da-ms-13-e-capturado-no-mexico\/","title":{"rendered":"Um dos dez criminosos mais procurados pelo FBI, l\u00edder da MS-13 \u00e9 capturado no M\u00e9xico"},"content":{"rendered":"<p> <script async src=\"https:\/\/pagead2.googlesyndication.com\/pagead\/js\/adsbygoogle.js?client=ca-pub-8864793242727901\"\r\n     crossorigin=\"anonymous\"><\/script><br \/>\n<\/p>\n<p>O governo mexicano anunciou nesta segunda-feira (17) a pris\u00e3o de Francisco Javier Roman-Bardales, um dos dez criminosos mais procurados pelo Federal Bureau of Investigation (FBI).\n<\/p>\n<p>O salvadorenho, apontado como um dos l\u00edderes da gangue MS-13, foi detido em Veracruz durante uma opera\u00e7\u00e3o conjunta entre os Estados Unidos e o M\u00e9xico.<\/p>\n<p><span class=\"b-article-body__text\">Tamb\u00e9m conhecido como \u201cVeterano de Tribus\u201d, Roman-Bardales, de 47 anos, \u00e9 acusado nos EUA de diversos crimes, incluindo atos de viol\u00eancia contra civis e membros de gangues rivais, al\u00e9m de envolvimento em tr\u00e1fico de drogas e extors\u00e3o.<\/span>\n<\/p>\n<div>\n<div class=\"dark:base-text-neutral-high-400 base-text-[calc(theme(fontSize.sm)_*_var(--font-size,_1))] base-font-semibold base-font-primary base-text-neutral-low-500 base-text-left\">Segundo o FBI, um mandado de pris\u00e3o federal foi emitido contra ele em setembro de 2022 pelo Distrito Leste de Nova York.<\/p>\n<p>As acusa\u00e7\u00f5es contra Roman-Bardales incluem:<\/p>\n<p>Conspira\u00e7\u00e3o para fornecer suporte a terroristas;<br \/>Conspira\u00e7\u00e3o de narcoterrorismo;<br \/>Conspira\u00e7\u00e3o de extors\u00e3o;<br \/>Conspira\u00e7\u00e3o de contrabando de estrangeiros.<\/p>\n<\/div>\n<div class=\"dark:base-text-neutral-high-400 base-text-[calc(theme(fontSize.sm)_*_var(--font-size,_1))] base-font-semibold base-font-primary base-text-neutral-low-500 base-text-left\">Import\u00e2ncia da pris\u00e3o<br \/>A captura de Roman-Bardales ocorre ap\u00f3s a MS-13 ser designada como Organiza\u00e7\u00e3o Terrorista Estrangeira (FTO) pelo presidente dos EUA, Donald Trump. A opera\u00e7\u00e3o conjunta entre os pa\u00edses mostra os esfor\u00e7os do M\u00e9xico em combater organiza\u00e7\u00f5es criminosas, em meio a press\u00f5es dos EUA para o fortalecimento da seguran\u00e7a na fronteira.<\/p>\n<p>A MS-13, ou Mara Salvatrucha, foi fundada na d\u00e9cada de 1980 em Los Angeles por refugiados da guerra civil de El Salvador. Desde ent\u00e3o, a gangue expandiu suas atividades criminosas para diversos pa\u00edses, incluindo M\u00e9xico e El Salvador.<\/p>\n<p>Roman-Bardales estava foragido e inclu\u00eddo na lista dos dez maiores fugitivos do FBI, com uma recompensa de US$ 250 mil (cerca de R$ 1.5 milh\u00e3o) por sua captura.<\/p>\n<\/div>\n<p>\u00a0<\/p>\n<div class=\"dark:base-text-neutral-high-400 base-text-[calc(theme(fontSize.sm)_*_var(--font-size,_1))] base-font-semibold base-font-primary base-text-neutral-low-500 base-text-left\">Como foi a pris\u00e3o?<br \/>A opera\u00e7\u00e3o ocorreu na cidade de Baxtla, em Veracruz. Agentes de seguran\u00e7a montaram vigil\u00e2ncia em rodovias pr\u00f3ximas, o que resultou na deten\u00e7\u00e3o do fugitivo.<\/p>\n<p>Em comunicado, autoridades mexicanas afirmaram que as \u201ca\u00e7\u00f5es reafirmam o compromisso de trabalhar de forma coordenada para deter os geradores de viol\u00eancia no pa\u00eds\u201d.<\/p>\n<p>O que acontece agora?<br \/>Roman-Bardales foi transferido para a Cidade do M\u00e9xico e ser\u00e1 deportado para os Estados Unidos, onde enfrentar\u00e1 julgamento pelas acusa\u00e7\u00f5es.<\/p>\n<\/div>\n<p>\u00a0<\/p>\n<p>Fonte: R7<\/p>\n<\/div>\n<p><br \/>\n<br \/><a href=\"https:\/\/diariodobrasilnoticias.com.br\/noticia\/um-dos-dez-criminosos-mais-procurados-pelo-fbi-lider-da-ms-13-e-capturado-no-mexico-67d94ac043a03\">Source link <\/a><\/p>","protected":false},"excerpt":{"rendered":"<p>O governo mexicano anunciou nesta segunda-feira (17) a pris\u00e3o de Francisco Javier Roman-Bardales, um dos dez criminosos mais procurados pelo Federal Bureau of Investigation (FBI). O salvadorenho, apontado como um&hellip;<\/p>","protected":false},"author":1,"featured_media":111912,"comment_status":"closed","ping_status":"open","sticky":false,"template":"","format":"standard","meta":{"content-type":"","footnotes":""},"categories":[16],"tags":[123,2448,5313,1267],"class_list":["post-111911","post","type-post","status-publish","format-standard","has-post-thumbnail","hentry","category-noticias","tag-brasil","tag-diario","tag-noticia","tag-noticias"],"_links":{"self":[{"href":"https:\/\/tvbrazilusa.com\/pt\/wp-json\/wp\/v2\/posts\/111911","targetHints":{"allow":["GET"]}}],"collection":[{"href":"https:\/\/tvbrazilusa.com\/pt\/wp-json\/wp\/v2\/posts"}],"about":[{"href":"https:\/\/tvbrazilusa.com\/pt\/wp-json\/wp\/v2\/types\/post"}],"author":[{"embeddable":true,"href":"https:\/\/tvbrazilusa.com\/pt\/wp-json\/wp\/v2\/users\/1"}],"replies":[{"embeddable":true,"href":"https:\/\/tvbrazilusa.com\/pt\/wp-json\/wp\/v2\/comments?post=111911"}],"version-history":[{"count":1,"href":"https:\/\/tvbrazilusa.com\/pt\/wp-json\/wp\/v2\/posts\/111911\/revisions"}],"predecessor-version":[{"id":111913,"href":"https:\/\/tvbrazilusa.com\/pt\/wp-json\/wp\/v2\/posts\/111911\/revisions\/111913"}],"wp:featuredmedia":[{"embeddable":true,"href":"https:\/\/tvbrazilusa.com\/pt\/wp-json\/wp\/v2\/media\/111912"}],"wp:attachment":[{"href":"https:\/\/tvbrazilusa.com\/pt\/wp-json\/wp\/v2\/media?parent=111911"}],"wp:term":[{"taxonomy":"category","embeddable":true,"href":"https:\/\/tvbrazilusa.com\/pt\/wp-json\/wp\/v2\/categories?post=111911"},{"taxonomy":"post_tag","embeddable":true,"href":"https:\/\/tvbrazilusa.com\/pt\/wp-json\/wp\/v2\/tags?post=111911"}],"curies":[{"name":"wp","href":"https:\/\/api.w.org\/{rel}","templated":true}]}}