{"id":111917,"date":"2025-03-18T13:19:53","date_gmt":"2025-03-18T13:19:53","guid":{"rendered":"https:\/\/tvbrazilusa.com\/2025\/03\/18\/boulos-propoe-ato-contra-bolsonaro-mas-enfrenta-questionamentos-de-seguidores\/"},"modified":"2025-03-18T13:19:54","modified_gmt":"2025-03-18T13:19:54","slug":"boulos-propoe-ato-contra-bolsonaro-mas-enfrenta-questionamentos-de-seguidores","status":"publish","type":"post","link":"https:\/\/tvbrazilusa.com\/pt\/2025\/03\/18\/boulos-propoe-ato-contra-bolsonaro-mas-enfrenta-questionamentos-de-seguidores\/","title":{"rendered":"Boulos prop\u00f5e ato contra Bolsonaro, mas enfrenta questionamentos de seguidores"},"content":{"rendered":"<p> <script async src=\"https:\/\/pagead2.googlesyndication.com\/pagead\/js\/adsbygoogle.js?client=ca-pub-8864793242727901\"\r\n     crossorigin=\"anonymous\"><\/script><br \/>\n<\/p>\n<div id=\"taboola-read-more\" style=\"display:block; width:100%\">\n<p>O deputado Guilherme Boulos (Psol-SP) usou seus perfis nas redes sociais no domingo (16.mar.2025) para convocar as pessoas para um ato em 30 de mar\u00e7o de 2025. A manifesta\u00e7\u00e3o ser\u00e1 a favor da pris\u00e3o do ex-presidente Jair Bolsonaro (PL) e contra a anistia para os envolvidos nos atos de 8 de Janeiro de 2023.\n<\/p>\n<p>\u201cDia 30 \u00e9 rua por SEM ANISTIA!\u201d, disse Boulos. Ele compartilhou uma imagem de divulga\u00e7\u00e3o do ato \u2013a imagem j\u00e1 havia sido compartilhada em 21 de fevereiro pela Frente Brasil Popular e pela Frente Nacional de Mobiliza\u00e7\u00e3o Povo Sem Medo.<\/p>\n<p>Em resposta, no entanto, alguns usu\u00e1rios que n\u00e3o aparentam ser simp\u00e1ticos ao ex-presidente discordaram de Boulos. Alguns disseram n\u00e3o ver necessidade de fazer a manifesta\u00e7\u00e3o e que era hora de deixar a \u201cJusti\u00e7a ser feita\u201d. Outros afirmaram que o foco \u00e9 se concentrar no fim da escala 6 X 1.\n<\/p>\n<p>Na percep\u00e7\u00e3o de alguns usu\u00e1rios do X, o ato convocado por Bolsonaro no domingo (16.mar) fracassou, embora tenha reunido mais pessoas que eventos recentes do presidente Luiz In\u00e1cio Lula da Silva (PT), como o 1\u00ba de Maio de 2024. Logo, n\u00e3o haveria a necessidade de convocar uma manifesta\u00e7\u00e3o.\n<\/p>\n<p>O advogado Ant\u00f4nio Carlos de Almeida Castro, o Kakay, \u00e9 um dos que compartilha desta opini\u00e3o. Para o articulista do Poder360, a manifesta\u00e7\u00e3o convocada por Boulos \u00e9 um erro. \u201cSe n\u00e3o levarmos 1 milh\u00e3o de pessoas \u2013e n\u00e3o levaremos\u2013, daremos espa\u00e7o para que a direita e a extrema-direita explorem essa fraqueza\u201d, escreveu em texto para o DCM.\n<\/p>\n<p><strong>Poder 360<\/strong>              <\/p>\n<\/div>\n<p><br \/>\n<br \/><a href=\"https:\/\/diariodobrasilnoticias.com.br\/noticia\/boulos-propoe-ato-contra-bolsonaro-mas-enfrenta-questionamentos-de-seguidores-67d96ee0b9af7\">Source link <\/a><\/p>","protected":false},"excerpt":{"rendered":"<p>O deputado Guilherme Boulos (Psol-SP) usou seus perfis nas redes sociais no domingo (16.mar.2025) para convocar as pessoas para um ato em 30 de mar\u00e7o de 2025. A manifesta\u00e7\u00e3o ser\u00e1&hellip;<\/p>","protected":false},"author":1,"featured_media":111918,"comment_status":"closed","ping_status":"open","sticky":false,"template":"","format":"standard","meta":{"content-type":"","footnotes":""},"categories":[16],"tags":[123,2448,5313,1267],"class_list":["post-111917","post","type-post","status-publish","format-standard","has-post-thumbnail","hentry","category-noticias","tag-brasil","tag-diario","tag-noticia","tag-noticias"],"_links":{"self":[{"href":"https:\/\/tvbrazilusa.com\/pt\/wp-json\/wp\/v2\/posts\/111917","targetHints":{"allow":["GET"]}}],"collection":[{"href":"https:\/\/tvbrazilusa.com\/pt\/wp-json\/wp\/v2\/posts"}],"about":[{"href":"https:\/\/tvbrazilusa.com\/pt\/wp-json\/wp\/v2\/types\/post"}],"author":[{"embeddable":true,"href":"https:\/\/tvbrazilusa.com\/pt\/wp-json\/wp\/v2\/users\/1"}],"replies":[{"embeddable":true,"href":"https:\/\/tvbrazilusa.com\/pt\/wp-json\/wp\/v2\/comments?post=111917"}],"version-history":[{"count":1,"href":"https:\/\/tvbrazilusa.com\/pt\/wp-json\/wp\/v2\/posts\/111917\/revisions"}],"predecessor-version":[{"id":111919,"href":"https:\/\/tvbrazilusa.com\/pt\/wp-json\/wp\/v2\/posts\/111917\/revisions\/111919"}],"wp:featuredmedia":[{"embeddable":true,"href":"https:\/\/tvbrazilusa.com\/pt\/wp-json\/wp\/v2\/media\/111918"}],"wp:attachment":[{"href":"https:\/\/tvbrazilusa.com\/pt\/wp-json\/wp\/v2\/media?parent=111917"}],"wp:term":[{"taxonomy":"category","embeddable":true,"href":"https:\/\/tvbrazilusa.com\/pt\/wp-json\/wp\/v2\/categories?post=111917"},{"taxonomy":"post_tag","embeddable":true,"href":"https:\/\/tvbrazilusa.com\/pt\/wp-json\/wp\/v2\/tags?post=111917"}],"curies":[{"name":"wp","href":"https:\/\/api.w.org\/{rel}","templated":true}]}}