{"id":111920,"date":"2025-03-18T13:32:17","date_gmt":"2025-03-18T13:32:17","guid":{"rendered":"https:\/\/tvbrazilusa.com\/2025\/03\/18\/barroso-agenda-sessao-extraordinaria-para-avaliar-recursos-de-bolsonaro-e-braga-netto\/"},"modified":"2025-03-18T13:32:18","modified_gmt":"2025-03-18T13:32:18","slug":"barroso-agenda-sessao-extraordinaria-para-avaliar-recursos-de-bolsonaro-e-braga-netto","status":"publish","type":"post","link":"https:\/\/tvbrazilusa.com\/pt\/2025\/03\/18\/barroso-agenda-sessao-extraordinaria-para-avaliar-recursos-de-bolsonaro-e-braga-netto\/","title":{"rendered":"Barroso agenda sess\u00e3o extraordin\u00e1ria para avaliar recursos de Bolsonaro e Braga Netto"},"content":{"rendered":"<p> <script async src=\"https:\/\/pagead2.googlesyndication.com\/pagead\/js\/adsbygoogle.js?client=ca-pub-8864793242727901\"\r\n     crossorigin=\"anonymous\"><\/script><br \/>\n<\/p>\n<div id=\"taboola-read-more\" style=\"display:block; width:100%\">\n<p>O presidente do Supremo Tribunal Federal (STF), Lu\u00eds Roberto Barroso, convocou uma sess\u00e3o extraordin\u00e1ria no plen\u00e1rio virtual para analisar recursos do ex-presidente Jair Bolsonaro e do general Walter Braga Netto, ex-candidato a vice-presidente e ex-ministro da Defesa\n<\/p>\n<p>Devido \u00e0 \u201cexcepcional urg\u00eancia\u201d, justificou Barroso, a sess\u00e3o ser\u00e1 aberta \u00e0s 11h desta quarta-feira, 19, e prossegue at\u00e9 23h59 da quinta-feira 20.<\/p>\n<p>\u201cDiante da excepcional urg\u00eancia caracterizada no presente caso, com fundamento no art. 21-B, \u00a7 4\u00ba, do RISTF e no art. 5\u00ba-B da Resolu\u00e7\u00e3o STF n\u00ba 642\/2019 (com reda\u00e7\u00e3o dada pela Resolu\u00e7\u00e3o STF n\u00ba 669\/2020), determino a inclus\u00e3o do processo em sess\u00e3o virtual extraordin\u00e1ria do Plen\u00e1rio desta Corte, com in\u00edcio \u00e0s 11h do dia 19.03.2025 e t\u00e9rmino \u00e0s 23h59 do dia 20.03.2025\u201d, despachou Barroso.\n<\/p>\n<p>O julgamento da den\u00fancia de uma suposta tentativa de golpe ser\u00e1 em 25 de mar\u00e7o na 1\u00aa Turma do STF. Os ministros v\u00e3o decidir se abrem uma a\u00e7\u00e3o penal contra Bolsonaro e aliados.\n<\/p>\n<p><strong>O que o STF vai julgar na sess\u00e3o extraordin\u00e1ria<\/strong>\n<\/p>\n<p>O STF vai decidir tr\u00eas pedidos de Bolsonaro e de Braga Netto:\n<\/p>\n<ul>\n<li>se os ministros Fl\u00e1vio Dino e Cristiano Zanin, indicados por Luiz In\u00e1cio Lula da Silva, e que s\u00e3o autores de a\u00e7\u00e3o contra Bolsonaro podem participar do julgamento;<\/li>\n<li>se o ministro Alexandre de Moraes, relator do caso, deve ser impedido de participar, j\u00e1 que tamb\u00e9m figura com v\u00edtima; e<\/li>\n<li>se o caso deve ser julgado na 1\u00aa Turma ou no plen\u00e1rio.<\/li>\n<\/ul>\n<p>Barroso, exercendo suas fun\u00e7\u00f5es administrativas, j\u00e1 rejeitou pedidos para transferir o julgamento ao plen\u00e1rio, mas as defesas recorreram.\n<\/p>\n<p><strong>Os pedidos de Braga Netto e Bolsonaro<\/strong>\n<\/p>\n<p>Os advogados de Bolsonaro afirmam que Dino e Zanin est\u00e3o impedidos de participar do julgamento, pois ambos, antes de se tornarem ministros, moveram queixas-crime contra ele. Barroso rejeitou essas alega\u00e7\u00f5es, com a afirma\u00e7\u00e3o de que n\u00e3o h\u00e1 base legal para impedir a participa\u00e7\u00e3o dos ministros.\n<\/p>\n<p>Zanin, que atuou como advogado do PT, assinou uma a\u00e7\u00e3o eleitoral contra Bolsonaro, mas declarou que sua atua\u00e7\u00e3o foi \u201cestritamente no \u00e2mbito t\u00e9cnico-jur\u00eddico\u201d. Ele se disse impedido em um caso eleitoral anterior, mas considera a den\u00fancia atual distinta de processos c\u00edveis ou eleitorais.\n<\/p>\n<p>Fl\u00e1vio Dino, ex-governador do Maranh\u00e3o, moveu uma queixa-crime por cal\u00fania, inj\u00faria e difama\u00e7\u00e3o contra Bolsonaro, mas afirmou estar apto a participar do julgamento. Segundo ele, todos os ministros do STF foram escolhidos por presidentes da Rep\u00fablica e aprovados pelo Senado. Dino assegurou que o julgamento ser\u00e1 conduzido com isen\u00e7\u00e3o e respeito \u00e0s regras legais.\n<\/p>\n<p><strong>Imparcialidade de Alexandre de Moraes<\/strong>\n<\/p>\n<p>As defesas de Bolsonaro e Braga Netto tamb\u00e9m questionam a imparcialidade de Alexandre de Moraes. O STF j\u00e1 rejeitou os pedidos de suspei\u00e7\u00e3o. O argumento \u00e9 que a v\u00edtima dos supostos atos antidemocr\u00e1ticos \u00e9 o Estado, e n\u00e3o Moraes. A defesa de Bolsonaro sugere a aplica\u00e7\u00e3o das regras do juiz de garantias, com divis\u00e3o dos processos entre magistrados, devido ao papel de Moraes na investiga\u00e7\u00e3o.\n<\/p>\n<p>Al\u00e9m disso, Bolsonaro pediu que o julgamento ocorra no plen\u00e1rio do STF e n\u00e3o na 1\u00aa Turma, colegiado composto por Moraes, Dino, Zanin, C\u00e1rmen L\u00facia e Luiz Fux.\n<\/p>\n<p><strong>Revista Oeste<\/strong>              <\/p>\n<\/div>\n<p><br \/>\n<br \/><a href=\"https:\/\/diariodobrasilnoticias.com.br\/noticia\/barroso-agenda-sessao-extraordinaria-para-avaliar-recursos-de-bolsonaro-e-braga-netto-67d95242cc608\">Source link <\/a><\/p>","protected":false},"excerpt":{"rendered":"<p>O presidente do Supremo Tribunal Federal (STF), Lu\u00eds Roberto Barroso, convocou uma sess\u00e3o extraordin\u00e1ria no plen\u00e1rio virtual para analisar recursos do ex-presidente Jair Bolsonaro e do general Walter Braga Netto,&hellip;<\/p>","protected":false},"author":1,"featured_media":111921,"comment_status":"closed","ping_status":"open","sticky":false,"template":"","format":"standard","meta":{"content-type":"","footnotes":""},"categories":[16],"tags":[123,2448,5313,1267],"class_list":["post-111920","post","type-post","status-publish","format-standard","has-post-thumbnail","hentry","category-noticias","tag-brasil","tag-diario","tag-noticia","tag-noticias"],"_links":{"self":[{"href":"https:\/\/tvbrazilusa.com\/pt\/wp-json\/wp\/v2\/posts\/111920","targetHints":{"allow":["GET"]}}],"collection":[{"href":"https:\/\/tvbrazilusa.com\/pt\/wp-json\/wp\/v2\/posts"}],"about":[{"href":"https:\/\/tvbrazilusa.com\/pt\/wp-json\/wp\/v2\/types\/post"}],"author":[{"embeddable":true,"href":"https:\/\/tvbrazilusa.com\/pt\/wp-json\/wp\/v2\/users\/1"}],"replies":[{"embeddable":true,"href":"https:\/\/tvbrazilusa.com\/pt\/wp-json\/wp\/v2\/comments?post=111920"}],"version-history":[{"count":1,"href":"https:\/\/tvbrazilusa.com\/pt\/wp-json\/wp\/v2\/posts\/111920\/revisions"}],"predecessor-version":[{"id":111922,"href":"https:\/\/tvbrazilusa.com\/pt\/wp-json\/wp\/v2\/posts\/111920\/revisions\/111922"}],"wp:featuredmedia":[{"embeddable":true,"href":"https:\/\/tvbrazilusa.com\/pt\/wp-json\/wp\/v2\/media\/111921"}],"wp:attachment":[{"href":"https:\/\/tvbrazilusa.com\/pt\/wp-json\/wp\/v2\/media?parent=111920"}],"wp:term":[{"taxonomy":"category","embeddable":true,"href":"https:\/\/tvbrazilusa.com\/pt\/wp-json\/wp\/v2\/categories?post=111920"},{"taxonomy":"post_tag","embeddable":true,"href":"https:\/\/tvbrazilusa.com\/pt\/wp-json\/wp\/v2\/tags?post=111920"}],"curies":[{"name":"wp","href":"https:\/\/api.w.org\/{rel}","templated":true}]}}