{"id":111926,"date":"2025-03-18T13:57:09","date_gmt":"2025-03-18T13:57:09","guid":{"rendered":"https:\/\/tvbrazilusa.com\/2025\/03\/18\/pesquisadores-isolados-na-antartida-pedem-socorro-apos-sofrerem-ameacas-de-colega\/"},"modified":"2025-03-18T13:57:11","modified_gmt":"2025-03-18T13:57:11","slug":"pesquisadores-isolados-na-antartida-pedem-socorro-apos-sofrerem-ameacas-de-colega","status":"publish","type":"post","link":"https:\/\/tvbrazilusa.com\/pt\/2025\/03\/18\/pesquisadores-isolados-na-antartida-pedem-socorro-apos-sofrerem-ameacas-de-colega\/","title":{"rendered":"Pesquisadores isolados na Ant\u00e1rtida pedem socorro ap\u00f3s sofrerem amea\u00e7as de colega"},"content":{"rendered":"<p> <script async src=\"https:\/\/pagead2.googlesyndication.com\/pagead\/js\/adsbygoogle.js?client=ca-pub-8864793242727901\"\r\n     crossorigin=\"anonymous\"><\/script><br \/>\n<\/p>\n<div id=\"taboola-read-more\" style=\"display:block; width:100%\">\n<p>Uma base de pesquisa sul-africana na Ant\u00e1rtida \u00e9 palco de uma crise ap\u00f3s um pesquisador acusar um colega de agress\u00e3o f\u00edsica e amea\u00e7a de morte. O incidente foi relatado em um e-mail enviado pelo denunciante, que expressou preocupa\u00e7\u00e3o com a pr\u00f3pria seguran\u00e7a e a de seus companheiros.\n<\/p>\n<p>A equipe de inverno, composta por 10 membros, est\u00e1 isolada na base SANAE IV (South African National Antarctic Expedition), localizada em Vesleskarvet, Queen Maud Land. Com a aproxima\u00e7\u00e3o das tempestades e a presen\u00e7a de extensas camadas de gelo, a substitui\u00e7\u00e3o da equipe est\u00e1 prevista apenas para dezembro.<\/p>\n<p>De acordo com o jornal sul-africano Sunday Times, o e-mail detalha que o comportamento do acusado gerou preocupa\u00e7\u00e3o ap\u00f3s seguidos epis\u00f3dios de viol\u00eancia. O denunciante afirmou que a situa\u00e7\u00e3o apresenta risco e pediu \u201ca\u00e7\u00e3o imediata\u201d do governo sul-africano.\n<\/p>\n<p>O documento tamb\u00e9m relata que o suspeito agrediu fisicamente um colega e amea\u00e7ou matar outro. \u201cContinuo preocupado com minha pr\u00f3pria seguran\u00e7a, constantemente me perguntando se posso me tornar a pr\u00f3xima v\u00edtima\u201d, escreveu o autor do e-mail.\n<\/p>\n<p>Fontes indicam que \u201cin\u00fameras preocupa\u00e7\u00f5es\u201d j\u00e1 haviam sido levantadas sobre o comportamento do suspeito antes da partida do navio SA Agulhas II, que transportou a equipe \u00e0 Ant\u00e1rtida. O navio faz a viagem entre a Cidade do Cabo e a base, percurso de aproximadamente quatro mil quil\u00f4metros, em 10 a 15 dias, dependendo das condi\u00e7\u00f5es clim\u00e1ticas.\n<\/p>\n<p>O Departamento de Silvicultura, Pesca e Meio Ambiente da \u00c1frica do Sul (DFFE), respons\u00e1vel pelo Programa Ant\u00e1rtico Nacional Sul-Africano (SANAP), confirmou que uma investiga\u00e7\u00e3o foi iniciada.\n<\/p>\n<p>Segundo Peter Mbelengwa, chefe de comunica\u00e7\u00e3o do \u00f3rg\u00e3o, \u201co departamento est\u00e1 respondendo a essas preocupa\u00e7\u00f5es com a m\u00e1xima urg\u00eancia e realizou uma s\u00e9rie de interven\u00e7\u00f5es com todas as partes envolvidas na base\u201d.\n<\/p>\n<p>O ministro do Meio Ambiente da \u00c1frica do Sul, Dion George, tamb\u00e9m confirmou que tomou conhecimento do caso e que \u201cuma interven\u00e7\u00e3o est\u00e1 em andamento\u201d.\n<\/p>\n<p>O agressor, segundo o titular da pasta, demonstrou arrependimento e passou por uma reavalia\u00e7\u00e3o psicol\u00f3gica volunt\u00e1ria. O ministro tamb\u00e9m afirmou que a agress\u00e3o ocorreu ap\u00f3s um conflito sobre a execu\u00e7\u00e3o de uma tarefa dependente do clima, que exigia mudan\u00e7a de cronograma.\n<\/p>\n<p>Dada a localiza\u00e7\u00e3o da base, a evacua\u00e7\u00e3o emergencial \u00e9 complexa. A alternativa mais pr\u00f3xima seria um resgate na base alem\u00e3 Neumayer Station III, a cerca de 220 quil\u00f4metros de dist\u00e2ncia, ou na Troll Base da Noruega, localizada 190 quil\u00f4metros a sudeste.\n<\/p>\n<p>Reincid\u00eancia<br \/>Esta n\u00e3o \u00e9 a primeira vez que uma equipe de pesquisa sul-africana enfrenta um epis\u00f3dio violento. Em 2017, um incidente na Ilha Marion envolveu um pesquisador que atacou o laptop de um colega com um machado ap\u00f3s ter sua proposta de casamento rejeitada por uma mulher ligada ao outro pesquisador.\n<\/p>\n<p>A base SANAE IV, composta por tr\u00eas pr\u00e9dios interligados de dois andares, \u00e9 um centro de pesquisa focado em estudos dos campos eletromagn\u00e9ticos da Terra, geologia e biodiversidade da Ant\u00e1rtida.\n<\/p>\n<p>As autoridades sul-africanas continuam monitorando a situa\u00e7\u00e3o, enquanto a equipe permanece isolada em condi\u00e7\u00f5es extremas, com temperaturas variando de -20\u00baC a -30\u00baC nesta semana.\n<\/p>\n<p>Fonte: R7              <\/p>\n<\/div>\n<p><br \/>\n<br \/><a href=\"https:\/\/diariodobrasilnoticias.com.br\/noticia\/pesquisadores-isolados-na-antartida-pedem-socorro-apos-sofrerem-ameacas-de-colega-67d977ead8e44\">Source link <\/a><\/p>","protected":false},"excerpt":{"rendered":"<p>Uma base de pesquisa sul-africana na Ant\u00e1rtida \u00e9 palco de uma crise ap\u00f3s um pesquisador acusar um colega de agress\u00e3o f\u00edsica e amea\u00e7a de morte. O incidente foi relatado em&hellip;<\/p>","protected":false},"author":1,"featured_media":111927,"comment_status":"closed","ping_status":"open","sticky":false,"template":"","format":"standard","meta":{"content-type":"","footnotes":""},"categories":[16],"tags":[123,2448,5313,1267],"class_list":["post-111926","post","type-post","status-publish","format-standard","has-post-thumbnail","hentry","category-noticias","tag-brasil","tag-diario","tag-noticia","tag-noticias"],"_links":{"self":[{"href":"https:\/\/tvbrazilusa.com\/pt\/wp-json\/wp\/v2\/posts\/111926","targetHints":{"allow":["GET"]}}],"collection":[{"href":"https:\/\/tvbrazilusa.com\/pt\/wp-json\/wp\/v2\/posts"}],"about":[{"href":"https:\/\/tvbrazilusa.com\/pt\/wp-json\/wp\/v2\/types\/post"}],"author":[{"embeddable":true,"href":"https:\/\/tvbrazilusa.com\/pt\/wp-json\/wp\/v2\/users\/1"}],"replies":[{"embeddable":true,"href":"https:\/\/tvbrazilusa.com\/pt\/wp-json\/wp\/v2\/comments?post=111926"}],"version-history":[{"count":1,"href":"https:\/\/tvbrazilusa.com\/pt\/wp-json\/wp\/v2\/posts\/111926\/revisions"}],"predecessor-version":[{"id":111928,"href":"https:\/\/tvbrazilusa.com\/pt\/wp-json\/wp\/v2\/posts\/111926\/revisions\/111928"}],"wp:featuredmedia":[{"embeddable":true,"href":"https:\/\/tvbrazilusa.com\/pt\/wp-json\/wp\/v2\/media\/111927"}],"wp:attachment":[{"href":"https:\/\/tvbrazilusa.com\/pt\/wp-json\/wp\/v2\/media?parent=111926"}],"wp:term":[{"taxonomy":"category","embeddable":true,"href":"https:\/\/tvbrazilusa.com\/pt\/wp-json\/wp\/v2\/categories?post=111926"},{"taxonomy":"post_tag","embeddable":true,"href":"https:\/\/tvbrazilusa.com\/pt\/wp-json\/wp\/v2\/tags?post=111926"}],"curies":[{"name":"wp","href":"https:\/\/api.w.org\/{rel}","templated":true}]}}