{"id":111941,"date":"2025-03-18T14:54:17","date_gmt":"2025-03-18T14:54:17","guid":{"rendered":"https:\/\/tvbrazilusa.com\/2025\/03\/18\/moraes-libera-para-julgamento-denuncia-contra-nucleo-3-do-plano-de-golpe-veja-lista-de-investigados\/"},"modified":"2025-03-18T14:54:19","modified_gmt":"2025-03-18T14:54:19","slug":"moraes-libera-para-julgamento-denuncia-contra-nucleo-3-do-plano-de-golpe-veja-lista-de-investigados","status":"publish","type":"post","link":"https:\/\/tvbrazilusa.com\/pt\/2025\/03\/18\/moraes-libera-para-julgamento-denuncia-contra-nucleo-3-do-plano-de-golpe-veja-lista-de-investigados\/","title":{"rendered":"Moraes libera para julgamento den\u00fancia contra &#8216;n\u00facleo 3&#8217; do plano de golpe; veja lista de investigados"},"content":{"rendered":"<p> <script async src=\"https:\/\/pagead2.googlesyndication.com\/pagead\/js\/adsbygoogle.js?client=ca-pub-8864793242727901\"\r\n     crossorigin=\"anonymous\"><\/script><br \/>\n<\/p>\n<div id=\"taboola-read-more\" style=\"display:block; width:100%\">\n<p>O ministro Alexandre de Moraes, do Supremo Tribunal Federal (STF), liberou para julgamento a den\u00fancia oferecida contra o \u201cn\u00facleo 3\u201d do plano de golpe, que inclui policiais e militares.\n<\/p>\n<p>Agora, caber\u00e1 ao ministro Cristiano Zanin marcar a data da an\u00e1lise do caso na Primeira Turma, ocasi\u00e3o em que o colegiado vai decidir se torna r\u00e9us mais um grupo de indiciados.<\/p>\n<p>Segundo a Procuradoria-Geral da Rep\u00fablica (PGR), o \u201cn\u00facleo 3\u201d \u00e9 formado principalmente por militares e agentes das for\u00e7as de seguran\u00e7a que aderiram ao plano de golpe.\n<\/p>\n<p><strong>S\u00e3o 11 investigados nesse grupo:<\/strong>\n<\/p>\n<p>Bernardo Rom\u00e3o Corr\u00eaa Netto<br \/>Cleverson Ney Magalh\u00e3es<br \/>Estevam Gaspar de Oliveira<br \/>Fabr\u00edcio Moreira de Bastos<br \/>H\u00e9lio Ferreira Lima<br \/>Marcio Nunes Resende J\u00fanior<br \/>Nilson Diniz Rodriguez<br \/>Rafael Martins de Oliveira<br \/>Rodrigo Bezerra de Azevedo<br \/>Ronald Ferreira de Ara\u00fajo J\u00fanior<br \/>S\u00e9rgio Cavaliere de Medeiros<br \/>Wladimir Matos Soares\n<\/p>\n<p>Todos contestaram a den\u00fancia com argumentos como falta de provas, cerceamento de defesa, incompet\u00eancia do STF ou irregularidades na dela\u00e7\u00e3o de Mauro Cid.\n<\/p>\n<p>O procurador-geral da Rep\u00fablica, Paulo Gonet, no entanto, refor\u00e7ou nesta segunda-feira (17) ao STF o pedido para que os indiciados do \u201cn\u00facleo 3\u201d se tornem formalmente r\u00e9us.\n<\/p>\n<p>A den\u00fancia contra o \u201cn\u00facleo 1\u201d, considerado o principal e no qual se insere o ex-presidente Jair Bolsonaro, ser\u00e1 julgada na Primeira Turma na pr\u00f3xima semana, nos dias 25 e 26 de mar\u00e7o.\n<\/p>\n<p><strong>CNN<\/strong>              <\/p>\n<\/div>\n<p><br \/>\n<br \/><a href=\"https:\/\/diariodobrasilnoticias.com.br\/noticia\/moraes-libera-para-julgamento-denuncia-contra-nucleo-3-do-plano-de-golpe-veja-lista-de-investigados-67d97208269fe\">Source link <\/a><\/p>","protected":false},"excerpt":{"rendered":"<p>O ministro Alexandre de Moraes, do Supremo Tribunal Federal (STF), liberou para julgamento a den\u00fancia oferecida contra o \u201cn\u00facleo 3\u201d do plano de golpe, que inclui policiais e militares. Agora,&hellip;<\/p>","protected":false},"author":1,"featured_media":111942,"comment_status":"closed","ping_status":"open","sticky":false,"template":"","format":"standard","meta":{"content-type":"","footnotes":""},"categories":[16],"tags":[123,2448,5313,1267],"class_list":["post-111941","post","type-post","status-publish","format-standard","has-post-thumbnail","hentry","category-noticias","tag-brasil","tag-diario","tag-noticia","tag-noticias"],"_links":{"self":[{"href":"https:\/\/tvbrazilusa.com\/pt\/wp-json\/wp\/v2\/posts\/111941","targetHints":{"allow":["GET"]}}],"collection":[{"href":"https:\/\/tvbrazilusa.com\/pt\/wp-json\/wp\/v2\/posts"}],"about":[{"href":"https:\/\/tvbrazilusa.com\/pt\/wp-json\/wp\/v2\/types\/post"}],"author":[{"embeddable":true,"href":"https:\/\/tvbrazilusa.com\/pt\/wp-json\/wp\/v2\/users\/1"}],"replies":[{"embeddable":true,"href":"https:\/\/tvbrazilusa.com\/pt\/wp-json\/wp\/v2\/comments?post=111941"}],"version-history":[{"count":1,"href":"https:\/\/tvbrazilusa.com\/pt\/wp-json\/wp\/v2\/posts\/111941\/revisions"}],"predecessor-version":[{"id":111943,"href":"https:\/\/tvbrazilusa.com\/pt\/wp-json\/wp\/v2\/posts\/111941\/revisions\/111943"}],"wp:featuredmedia":[{"embeddable":true,"href":"https:\/\/tvbrazilusa.com\/pt\/wp-json\/wp\/v2\/media\/111942"}],"wp:attachment":[{"href":"https:\/\/tvbrazilusa.com\/pt\/wp-json\/wp\/v2\/media?parent=111941"}],"wp:term":[{"taxonomy":"category","embeddable":true,"href":"https:\/\/tvbrazilusa.com\/pt\/wp-json\/wp\/v2\/categories?post=111941"},{"taxonomy":"post_tag","embeddable":true,"href":"https:\/\/tvbrazilusa.com\/pt\/wp-json\/wp\/v2\/tags?post=111941"}],"curies":[{"name":"wp","href":"https:\/\/api.w.org\/{rel}","templated":true}]}}