{"id":111956,"date":"2025-03-18T15:24:00","date_gmt":"2025-03-18T15:24:00","guid":{"rendered":"https:\/\/tvbrazilusa.com\/2025\/03\/18\/arqueologos-desenterram-fortaleza-milenar-que-permaneceu-escondida-pela-natureza\/"},"modified":"2025-03-18T15:24:02","modified_gmt":"2025-03-18T15:24:02","slug":"arqueologos-desenterram-fortaleza-milenar-que-permaneceu-escondida-pela-natureza","status":"publish","type":"post","link":"https:\/\/tvbrazilusa.com\/pt\/2025\/03\/18\/arqueologos-desenterram-fortaleza-milenar-que-permaneceu-escondida-pela-natureza\/","title":{"rendered":"Arque\u00f3logos desenterram fortaleza milenar que permaneceu escondida pela natureza"},"content":{"rendered":"<p> <script async src=\"https:\/\/pagead2.googlesyndication.com\/pagead\/js\/adsbygoogle.js?client=ca-pub-8864793242727901\"\r\n     crossorigin=\"anonymous\"><\/script><br \/>\n<br \/>Constru\u00e7\u00e3o remonta ao per\u00edodo de transi\u00e7\u00e3o entre o Neol\u00edtico e a Idade do Bronze<br \/>\n<br \/><br \/>\n<br \/><a href=\"https:\/\/diariodobrasilnoticias.com.br\/noticia\/arqueologos-desenterram-fortaleza-milenar-que-permaneceu-escondida-pela-natureza-67d973787b09c\">Source link <\/a><\/p>","protected":false},"excerpt":{"rendered":"<p>Constru\u00e7\u00e3o remonta ao per\u00edodo de transi\u00e7\u00e3o entre o Neol\u00edtico e a Idade do Bronze Source link<\/p>","protected":false},"author":1,"featured_media":111957,"comment_status":"closed","ping_status":"open","sticky":false,"template":"","format":"standard","meta":{"content-type":"","footnotes":""},"categories":[16],"tags":[123,2448,5313,1267],"class_list":["post-111956","post","type-post","status-publish","format-standard","has-post-thumbnail","hentry","category-noticias","tag-brasil","tag-diario","tag-noticia","tag-noticias"],"_links":{"self":[{"href":"https:\/\/tvbrazilusa.com\/pt\/wp-json\/wp\/v2\/posts\/111956","targetHints":{"allow":["GET"]}}],"collection":[{"href":"https:\/\/tvbrazilusa.com\/pt\/wp-json\/wp\/v2\/posts"}],"about":[{"href":"https:\/\/tvbrazilusa.com\/pt\/wp-json\/wp\/v2\/types\/post"}],"author":[{"embeddable":true,"href":"https:\/\/tvbrazilusa.com\/pt\/wp-json\/wp\/v2\/users\/1"}],"replies":[{"embeddable":true,"href":"https:\/\/tvbrazilusa.com\/pt\/wp-json\/wp\/v2\/comments?post=111956"}],"version-history":[{"count":1,"href":"https:\/\/tvbrazilusa.com\/pt\/wp-json\/wp\/v2\/posts\/111956\/revisions"}],"predecessor-version":[{"id":111958,"href":"https:\/\/tvbrazilusa.com\/pt\/wp-json\/wp\/v2\/posts\/111956\/revisions\/111958"}],"wp:featuredmedia":[{"embeddable":true,"href":"https:\/\/tvbrazilusa.com\/pt\/wp-json\/wp\/v2\/media\/111957"}],"wp:attachment":[{"href":"https:\/\/tvbrazilusa.com\/pt\/wp-json\/wp\/v2\/media?parent=111956"}],"wp:term":[{"taxonomy":"category","embeddable":true,"href":"https:\/\/tvbrazilusa.com\/pt\/wp-json\/wp\/v2\/categories?post=111956"},{"taxonomy":"post_tag","embeddable":true,"href":"https:\/\/tvbrazilusa.com\/pt\/wp-json\/wp\/v2\/tags?post=111956"}],"curies":[{"name":"wp","href":"https:\/\/api.w.org\/{rel}","templated":true}]}}