{"id":111962,"date":"2025-03-18T15:39:16","date_gmt":"2025-03-18T15:39:16","guid":{"rendered":"https:\/\/tvbrazilusa.com\/2025\/03\/18\/rio-renomado-no-brasil-possui-uma-caracteristica-unica-suas-aguas-correm-em-direcao-oposta\/"},"modified":"2025-03-18T15:39:18","modified_gmt":"2025-03-18T15:39:18","slug":"rio-renomado-no-brasil-possui-uma-caracteristica-unica-suas-aguas-correm-em-direcao-oposta","status":"publish","type":"post","link":"https:\/\/tvbrazilusa.com\/pt\/2025\/03\/18\/rio-renomado-no-brasil-possui-uma-caracteristica-unica-suas-aguas-correm-em-direcao-oposta\/","title":{"rendered":"Rio renomado no Brasil possui uma caracter\u00edstica \u00fanica: suas \u00e1guas correm em dire\u00e7\u00e3o oposta"},"content":{"rendered":"<p> <script async src=\"https:\/\/pagead2.googlesyndication.com\/pagead\/js\/adsbygoogle.js?client=ca-pub-8864793242727901\"\r\n     crossorigin=\"anonymous\"><\/script><br \/>\n<br \/>A sua nascente fica a 1.120 metros de altitude e corta ao menos dois estados. Ele tem 1.100 quil\u00f4metros de extens\u00e3o<br \/>\n<br \/><br \/>\n<br \/><a href=\"https:\/\/diariodobrasilnoticias.com.br\/noticia\/rio-renomado-no-brasil-possui-uma-caracteristica-unica-suas-aguas-correm-em-direcao-oposta-67d974ef9c3ea\">Source link <\/a><\/p>","protected":false},"excerpt":{"rendered":"<p>A sua nascente fica a 1.120 metros de altitude e corta ao menos dois estados. Ele tem 1.100 quil\u00f4metros de extens\u00e3o Source link<\/p>","protected":false},"author":1,"featured_media":111963,"comment_status":"closed","ping_status":"open","sticky":false,"template":"","format":"standard","meta":{"content-type":"","footnotes":""},"categories":[16],"tags":[123,2448,5313,1267],"class_list":["post-111962","post","type-post","status-publish","format-standard","has-post-thumbnail","hentry","category-noticias","tag-brasil","tag-diario","tag-noticia","tag-noticias"],"_links":{"self":[{"href":"https:\/\/tvbrazilusa.com\/pt\/wp-json\/wp\/v2\/posts\/111962","targetHints":{"allow":["GET"]}}],"collection":[{"href":"https:\/\/tvbrazilusa.com\/pt\/wp-json\/wp\/v2\/posts"}],"about":[{"href":"https:\/\/tvbrazilusa.com\/pt\/wp-json\/wp\/v2\/types\/post"}],"author":[{"embeddable":true,"href":"https:\/\/tvbrazilusa.com\/pt\/wp-json\/wp\/v2\/users\/1"}],"replies":[{"embeddable":true,"href":"https:\/\/tvbrazilusa.com\/pt\/wp-json\/wp\/v2\/comments?post=111962"}],"version-history":[{"count":1,"href":"https:\/\/tvbrazilusa.com\/pt\/wp-json\/wp\/v2\/posts\/111962\/revisions"}],"predecessor-version":[{"id":111964,"href":"https:\/\/tvbrazilusa.com\/pt\/wp-json\/wp\/v2\/posts\/111962\/revisions\/111964"}],"wp:featuredmedia":[{"embeddable":true,"href":"https:\/\/tvbrazilusa.com\/pt\/wp-json\/wp\/v2\/media\/111963"}],"wp:attachment":[{"href":"https:\/\/tvbrazilusa.com\/pt\/wp-json\/wp\/v2\/media?parent=111962"}],"wp:term":[{"taxonomy":"category","embeddable":true,"href":"https:\/\/tvbrazilusa.com\/pt\/wp-json\/wp\/v2\/categories?post=111962"},{"taxonomy":"post_tag","embeddable":true,"href":"https:\/\/tvbrazilusa.com\/pt\/wp-json\/wp\/v2\/tags?post=111962"}],"curies":[{"name":"wp","href":"https:\/\/api.w.org\/{rel}","templated":true}]}}