{"id":111974,"date":"2025-03-18T16:17:09","date_gmt":"2025-03-18T16:17:09","guid":{"rendered":"https:\/\/tvbrazilusa.com\/2025\/03\/18\/janja-viaja-para-o-japao-antes-de-lula-mas-mantem-sua-agenda-em-sigilo\/"},"modified":"2025-03-18T16:17:10","modified_gmt":"2025-03-18T16:17:10","slug":"janja-viaja-para-o-japao-antes-de-lula-mas-mantem-sua-agenda-em-sigilo","status":"publish","type":"post","link":"https:\/\/tvbrazilusa.com\/pt\/2025\/03\/18\/janja-viaja-para-o-japao-antes-de-lula-mas-mantem-sua-agenda-em-sigilo\/","title":{"rendered":"Janja viaja para o Jap\u00e3o antes de Lula, mas mant\u00e9m sua agenda em sigilo"},"content":{"rendered":"<p> <script async src=\"https:\/\/pagead2.googlesyndication.com\/pagead\/js\/adsbygoogle.js?client=ca-pub-8864793242727901\"\r\n     crossorigin=\"anonymous\"><\/script><br \/>\n<\/p>\n<div id=\"taboola-read-more\" style=\"display:block; width:100%\">\n<p>A primeira-dama Ros\u00e2ngela da Silva, a Janja, decidiu embarcar para o Jap\u00e3o uma semana antes da viagem oficial de Lula, que chega ao pa\u00eds na segunda (24).\n<\/p>\n<p>JANJA<br \/>A equipe precursora de Lula sempre viaja ao pa\u00eds que ele visitar\u00e1 dias antes da viagem. Janja decidiu pegar carona com o grupo, integrado por diplomatas, militares e policiais federais.<\/p>\n<p>JANJA 2<br \/>A viagem de Janja est\u00e1 sendo tratada com a m\u00e1xima discri\u00e7\u00e3o. A primeira-dama n\u00e3o deu publicidade a ela, como costuma fazer quando cumpre algum compromisso oficial e p\u00fablico.\n<\/p>\n<p>JANJA 3<br \/>A coluna enviou dezenas de mensagens para seus auxiliares para questionar se, al\u00e9m de visitar o pa\u00eds asi\u00e1tico, a primeira-dama teria alguma agenda oficial.\n<\/p>\n<p>JANJA 4<br \/>Foram enviadas mensagens para Taynara Pretto, assessora de imprensa da primeira-dama, para Neudicl\u00e9ia Neres de Oliveira, que atua como sua chefe de gabinete, e outros auxiliares.\n<\/p>\n<p>Taynara respondeu \u00e0 coluna j\u00e1 do Jap\u00e3o, e afirmou que a equipe da primeira-dama est\u00e1 fechando os \u00faltimos detalhes da agenda. Os compromissos ser\u00e3o ent\u00e3o divulgados, segundo ela.\n<\/p>\n<p>JANJA 6<br \/>Lula embarca no fim de semana para o Jap\u00e3o, onde negociar\u00e1 a abertura do mercado do pa\u00eds para a carne bovina brasileira. Tentar\u00e1 tamb\u00e9m avan\u00e7ar nas negocia\u00e7\u00f5es para um acordo comercial entre o gigante asi\u00e1tico e o Mercosul.\n<\/p>\n<p>JANJA 7<br \/>Na sequ\u00eancia, o presidente embarca para o Vietn\u00e3.\n<\/p>\n<p>O presidente Lula (PT) e a primeira-dama, Janja, prestigiaram a ex-prefeita de S\u00e3o Paulo Marta Suplicy no anivers\u00e1rio de 80 anos dela, organizado pelo marido, o empres\u00e1rio M\u00e1rcio Toledo, no pr\u00e9dio em que o casal mora nos Jardins, em S\u00e3o Paulo. Realizado na semana passada, o evento contou com a presen\u00e7a do ministro da Justi\u00e7a, Ricardo Lewandowski, e a sua mulher, Yara de Abreu Lewandowski, e do ministro da Fazenda, Fernando Haddad, e a mulher, a secret\u00e1ria de Informa\u00e7\u00e3o e Sa\u00fade Digital do Minist\u00e9rio da Sa\u00fade, Ana Estela Haddad. O ministro da Sa\u00fade, Alexandre Padilha, o ex-ministro Jos\u00e9 Dirceu e o deputado federal Guilherme Boulos (PSOL-SP) tamb\u00e9m compareceram \u00e0 celebra\u00e7\u00e3o. A desembargadora federal Gabriela Araujo e o marido, o deputado estadual Emidio de Souza (PT-SP), e o advogado Marco Aur\u00e9lio de Carvalho, coordenador do grupo Prerrogativas, tamb\u00e9m passaram por l\u00e1.<\/p>\n<p>Fonte: Folha de S. Paulo              <\/p>\n<\/div>\n<p><br \/>\n<br \/><a href=\"https:\/\/diariodobrasilnoticias.com.br\/noticia\/janja-viaja-para-o-japao-antes-de-lula-mas-mantem-sua-agenda-em-sigilo-67d97e38b3a5b\">Source link <\/a><\/p>","protected":false},"excerpt":{"rendered":"<p>A primeira-dama Ros\u00e2ngela da Silva, a Janja, decidiu embarcar para o Jap\u00e3o uma semana antes da viagem oficial de Lula, que chega ao pa\u00eds na segunda (24). JANJAA equipe precursora&hellip;<\/p>","protected":false},"author":1,"featured_media":111975,"comment_status":"closed","ping_status":"open","sticky":false,"template":"","format":"standard","meta":{"content-type":"","footnotes":""},"categories":[16],"tags":[123,2448,5313,1267],"class_list":["post-111974","post","type-post","status-publish","format-standard","has-post-thumbnail","hentry","category-noticias","tag-brasil","tag-diario","tag-noticia","tag-noticias"],"_links":{"self":[{"href":"https:\/\/tvbrazilusa.com\/pt\/wp-json\/wp\/v2\/posts\/111974","targetHints":{"allow":["GET"]}}],"collection":[{"href":"https:\/\/tvbrazilusa.com\/pt\/wp-json\/wp\/v2\/posts"}],"about":[{"href":"https:\/\/tvbrazilusa.com\/pt\/wp-json\/wp\/v2\/types\/post"}],"author":[{"embeddable":true,"href":"https:\/\/tvbrazilusa.com\/pt\/wp-json\/wp\/v2\/users\/1"}],"replies":[{"embeddable":true,"href":"https:\/\/tvbrazilusa.com\/pt\/wp-json\/wp\/v2\/comments?post=111974"}],"version-history":[{"count":1,"href":"https:\/\/tvbrazilusa.com\/pt\/wp-json\/wp\/v2\/posts\/111974\/revisions"}],"predecessor-version":[{"id":111976,"href":"https:\/\/tvbrazilusa.com\/pt\/wp-json\/wp\/v2\/posts\/111974\/revisions\/111976"}],"wp:featuredmedia":[{"embeddable":true,"href":"https:\/\/tvbrazilusa.com\/pt\/wp-json\/wp\/v2\/media\/111975"}],"wp:attachment":[{"href":"https:\/\/tvbrazilusa.com\/pt\/wp-json\/wp\/v2\/media?parent=111974"}],"wp:term":[{"taxonomy":"category","embeddable":true,"href":"https:\/\/tvbrazilusa.com\/pt\/wp-json\/wp\/v2\/categories?post=111974"},{"taxonomy":"post_tag","embeddable":true,"href":"https:\/\/tvbrazilusa.com\/pt\/wp-json\/wp\/v2\/tags?post=111974"}],"curies":[{"name":"wp","href":"https:\/\/api.w.org\/{rel}","templated":true}]}}