{"id":111992,"date":"2025-03-18T17:27:31","date_gmt":"2025-03-18T17:27:31","guid":{"rendered":"https:\/\/tvbrazilusa.com\/2025\/03\/18\/43-estudantes-sao-levados-ao-hospital-apos-aula-com-uso-de-agulha-compartilhada\/"},"modified":"2025-03-18T17:27:32","modified_gmt":"2025-03-18T17:27:32","slug":"43-estudantes-sao-levados-ao-hospital-apos-aula-com-uso-de-agulha-compartilhada","status":"publish","type":"post","link":"https:\/\/tvbrazilusa.com\/pt\/2025\/03\/18\/43-estudantes-sao-levados-ao-hospital-apos-aula-com-uso-de-agulha-compartilhada\/","title":{"rendered":"43 estudantes s\u00e3o levados ao hospital ap\u00f3s aula com uso de agulha compartilhada"},"content":{"rendered":"<p> <script async src=\"https:\/\/pagead2.googlesyndication.com\/pagead\/js\/adsbygoogle.js?client=ca-pub-8864793242727901\"\r\n     crossorigin=\"anonymous\"><\/script><br \/>\n<\/p>\n<div id=\"taboola-read-more\" style=\"display:block; width:100%\">\n<p>Uma aula de Pr\u00e1ticas Experimentais em Ci\u00eancias virou caso de pol\u00edcia em uma escola estadual do Esp\u00edrito Santo, ap\u00f3s um professor de Qu\u00edmica realizar coletas de sangue em seus mais de 40 alunos utilizando a mesma agulha. O educador foi demitido, e os estudantes, encaminhados a um hospital para verificar se a pr\u00e1tica disseminou algum tipo de doen\u00e7a ou infec\u00e7\u00e3o.\n<\/p>\n<p>A situa\u00e7\u00e3o ocorreu na \u00faltima sexta-feira (14), nas turmas de 2\u00aa e 3\u00aa s\u00e9ries do Ensino M\u00e9dio da institui\u00e7\u00e3o, que fica no munic\u00edpio de Laranja da Terra. Na ocasi\u00e3o, o professor conduziu uma atividade pr\u00e1tica a fim de mostrar como se descobre o tipo sangu\u00edneo de um indiv\u00edduo.<\/p>\n<p>Utilizando o mesmo material de coleta, ele fez testes de sangue em 43 alunos, ato que oferece um grande risco de transmiss\u00e3o de doen\u00e7as como HIV, hepatite B e C, al\u00e9m de infec\u00e7\u00f5es bacterianas.\n<\/p>\n<p>Depois da atividade, os adolescentes passaram a ser discriminados na escola por outros estudantes, que temiam que os colegas tivessem sido infectados. Diante da situa\u00e7\u00e3o, os estudantes resolveram relatar o caso aos pais, que buscaram a escola e a pol\u00edcia.\n<\/p>\n<p>A Secretaria de Estado da Educa\u00e7\u00e3o (Sedu) e a Secretaria Municipal de Sa\u00fade de Laranja da Terra foram acionadas, e os alunos, encaminhados ao Hospital Municipal de Laranja da Terra para realizar a testagem de doen\u00e7as infecciosas. O professor de Qu\u00edmica respons\u00e1vel pela atividade tamb\u00e9m foi submetido aos exames.\n<\/p>\n<p>Todos os resultados deram negativo. Os alunos repetir\u00e3o os exames ap\u00f3s 30 dias para verificar se algum pat\u00f3geno se manifestar\u00e1. Segundo a Sedu, eles est\u00e3o bem e frequentando as aulas normalmente. O educador, por sua vez, foi demitido.\n<\/p>\n<p>O caso foi levado \u00e0 corregedoria, segue sendo acompanhado pela Secretaria Municipal de Sa\u00fade, e est\u00e1 sendo investigado pela Delegacia de Pol\u00edcia de Laranja da Terra.\n<\/p>\n<p>Fonte: Pleno News              <\/p>\n<\/div>\n<p><br \/>\n<br \/><a href=\"https:\/\/diariodobrasilnoticias.com.br\/noticia\/43-estudantes-sao-levados-ao-hospital-apos-aula-com-uso-de-agulha-compartilhada-67d98e33f0e86\">Source link <\/a><\/p>","protected":false},"excerpt":{"rendered":"<p>Uma aula de Pr\u00e1ticas Experimentais em Ci\u00eancias virou caso de pol\u00edcia em uma escola estadual do Esp\u00edrito Santo, ap\u00f3s um professor de Qu\u00edmica realizar coletas de sangue em seus mais&hellip;<\/p>","protected":false},"author":1,"featured_media":111993,"comment_status":"closed","ping_status":"open","sticky":false,"template":"","format":"standard","meta":{"content-type":"","footnotes":""},"categories":[16],"tags":[123,2448,5313,1267],"class_list":["post-111992","post","type-post","status-publish","format-standard","has-post-thumbnail","hentry","category-noticias","tag-brasil","tag-diario","tag-noticia","tag-noticias"],"_links":{"self":[{"href":"https:\/\/tvbrazilusa.com\/pt\/wp-json\/wp\/v2\/posts\/111992","targetHints":{"allow":["GET"]}}],"collection":[{"href":"https:\/\/tvbrazilusa.com\/pt\/wp-json\/wp\/v2\/posts"}],"about":[{"href":"https:\/\/tvbrazilusa.com\/pt\/wp-json\/wp\/v2\/types\/post"}],"author":[{"embeddable":true,"href":"https:\/\/tvbrazilusa.com\/pt\/wp-json\/wp\/v2\/users\/1"}],"replies":[{"embeddable":true,"href":"https:\/\/tvbrazilusa.com\/pt\/wp-json\/wp\/v2\/comments?post=111992"}],"version-history":[{"count":1,"href":"https:\/\/tvbrazilusa.com\/pt\/wp-json\/wp\/v2\/posts\/111992\/revisions"}],"predecessor-version":[{"id":111994,"href":"https:\/\/tvbrazilusa.com\/pt\/wp-json\/wp\/v2\/posts\/111992\/revisions\/111994"}],"wp:featuredmedia":[{"embeddable":true,"href":"https:\/\/tvbrazilusa.com\/pt\/wp-json\/wp\/v2\/media\/111993"}],"wp:attachment":[{"href":"https:\/\/tvbrazilusa.com\/pt\/wp-json\/wp\/v2\/media?parent=111992"}],"wp:term":[{"taxonomy":"category","embeddable":true,"href":"https:\/\/tvbrazilusa.com\/pt\/wp-json\/wp\/v2\/categories?post=111992"},{"taxonomy":"post_tag","embeddable":true,"href":"https:\/\/tvbrazilusa.com\/pt\/wp-json\/wp\/v2\/tags?post=111992"}],"curies":[{"name":"wp","href":"https:\/\/api.w.org\/{rel}","templated":true}]}}