{"id":112001,"date":"2025-03-18T18:13:39","date_gmt":"2025-03-18T18:13:39","guid":{"rendered":"https:\/\/tvbrazilusa.com\/2025\/03\/18\/estudantes-de-medicina-sao-acusados-de-fazer-apologia-ao-estupro-em-evento-academico\/"},"modified":"2025-03-18T18:13:40","modified_gmt":"2025-03-18T18:13:40","slug":"estudantes-de-medicina-sao-acusados-de-fazer-apologia-ao-estupro-em-evento-academico","status":"publish","type":"post","link":"https:\/\/tvbrazilusa.com\/pt\/2025\/03\/18\/estudantes-de-medicina-sao-acusados-de-fazer-apologia-ao-estupro-em-evento-academico\/","title":{"rendered":"Estudantes de medicina s\u00e3o acusados de fazer apologia ao estupro em evento acad\u00eamico"},"content":{"rendered":"<p> <script async src=\"https:\/\/pagead2.googlesyndication.com\/pagead\/js\/adsbygoogle.js?client=ca-pub-8864793242727901\"\r\n     crossorigin=\"anonymous\"><\/script><br \/>\n<\/p>\n<div id=\"taboola-read-more\" style=\"display:block; width:100%\">\n<p>Alunos de medicina da Faculdade Santa Marcelina fizeram apologia ao estupro durante um torneio de jogos universit\u00e1rios, nesse s\u00e1bado (15\/3), que ocorreu na zona leste de S\u00e3o Paulo. Uma foto (em destaque) mostra 24 estudantes, sendo 23 homens e uma mulher, com uma faixa escrita \u201centra porra, escorre sangue\u201d \u2013 em refer\u00eancia ao ato de viol\u00eancia sexual.\n<\/p>\n<p>Segundo o coletivo feminista da institui\u00e7\u00e3o, chamado Coletivo Francisca, a frase teria sido tirada de um hino que foi banido em 2017, justamente pelo teor violento.<\/p>\n<p>O torneio \u00e9 o Intercalo, competi\u00e7\u00e3o entre calouros de diferentes faculdades de medicina. Ao fundo da imagem, est\u00e1 outra faixa, da atl\u00e9tica de outra institui\u00e7\u00e3o de ensino, a Nove de Julho. Os alunos na foto, no entanto, seriam todos da Santa Marcelina \u2013 tanto calouros do time de handebol, como membros da atl\u00e9tica da faculdade.\n<\/p>\n<p>\u201cEmbora saibamos que o \u00f3rg\u00e3o da Atl\u00e9tica trata-se de uma institui\u00e7\u00e3o independente, cujas elei\u00e7\u00f5es e escolhas de cargo sejam autoregradas, \u00e9 necess\u00e1rio que a Institui\u00e7\u00e3o Santa Marcelina fa\u00e7a uma interven\u00e7\u00e3o \u2013 caso o pr\u00f3prio \u00f3rg\u00e3o n\u00e3o se manifeste. Urge a deposi\u00e7\u00e3o do aluno em quest\u00e3o do cargo vigente, uma vez que, inconsequentemente, assumiu um papel de representa\u00e7\u00e3o estudantil esportiva\u201d, diz trecho da nota do coletivo, enviada \u00e0 diretoria do curso de medicina.\n<\/p>\n<p>Em nota, a Faculdade Santa Marcelina se manifestou \u201cveementemente contr\u00e1ria\u201d ao ocorrido. \u201cAtitudes como essa constituem agravo \u00e0 institui\u00e7\u00e3o e sua tradi\u00e7\u00e3o, miss\u00e3o e valores e tamb\u00e9m \u00e0 sociedade como um todo. Nesse sentido, a Faculdade Santa Marcelina j\u00e1 iniciou um procedimento de sindic\u00e2ncia interna para apura\u00e7\u00e3o dos fatos e os alunos da institui\u00e7\u00e3o respons\u00e1veis pelos atos (que ocorreram fora<br \/>de suas depend\u00eancias) ser\u00e3o penalizados conforme os princ\u00edpios estabelecidos e a gravidade da infra\u00e7\u00e3o. Entre as puni\u00e7\u00f5es est\u00e3o advert\u00eancias verbais e escritas, suspens\u00e3o e at\u00e9 desligamento (expuls\u00e3o) da faculdade\u201d, diz o texto.\n<\/p>\n<p>Apologia ao estupro \u00e9 crime<br \/>A apologia ao estupro \u00e9 crime, conforme define o artigo 287 do C\u00f3digo Penal: \u201cFazer, publicamente, apologia de fato criminoso ou de autor de crime\u201d. A pena para este delito \u00e9 de deten\u00e7\u00e3o, de tr\u00eas a seis meses, ou multa.\n<\/p>\n<p>J\u00e1 o estupro em si est\u00e1 previsto no artigo 213 do C\u00f3digo Penal: \u201cConstranger algu\u00e9m, mediante viol\u00eancia ou grave amea\u00e7a, a ter conjun\u00e7\u00e3o carnal ou a praticar ou permitir que com ele se pratique outro ato libidinoso\u201d. A pena, neste caso, \u00e9 de reclus\u00e3o de seis a 10 anos.\n<\/p>\n<p>Fonte: Metr\u00f3poles              <\/p>\n<\/div>\n<p><br \/>\n<br \/><a href=\"https:\/\/diariodobrasilnoticias.com.br\/noticia\/estudantes-de-medicina-sao-acusados-de-fazer-apologia-ao-estupro-em-evento-academico-67d997595af4f\">Source link <\/a><\/p>","protected":false},"excerpt":{"rendered":"<p>Alunos de medicina da Faculdade Santa Marcelina fizeram apologia ao estupro durante um torneio de jogos universit\u00e1rios, nesse s\u00e1bado (15\/3), que ocorreu na zona leste de S\u00e3o Paulo. Uma foto&hellip;<\/p>","protected":false},"author":1,"featured_media":112002,"comment_status":"closed","ping_status":"open","sticky":false,"template":"","format":"standard","meta":{"content-type":"","footnotes":""},"categories":[16],"tags":[123,2448,5313,1267],"class_list":["post-112001","post","type-post","status-publish","format-standard","has-post-thumbnail","hentry","category-noticias","tag-brasil","tag-diario","tag-noticia","tag-noticias"],"_links":{"self":[{"href":"https:\/\/tvbrazilusa.com\/pt\/wp-json\/wp\/v2\/posts\/112001","targetHints":{"allow":["GET"]}}],"collection":[{"href":"https:\/\/tvbrazilusa.com\/pt\/wp-json\/wp\/v2\/posts"}],"about":[{"href":"https:\/\/tvbrazilusa.com\/pt\/wp-json\/wp\/v2\/types\/post"}],"author":[{"embeddable":true,"href":"https:\/\/tvbrazilusa.com\/pt\/wp-json\/wp\/v2\/users\/1"}],"replies":[{"embeddable":true,"href":"https:\/\/tvbrazilusa.com\/pt\/wp-json\/wp\/v2\/comments?post=112001"}],"version-history":[{"count":1,"href":"https:\/\/tvbrazilusa.com\/pt\/wp-json\/wp\/v2\/posts\/112001\/revisions"}],"predecessor-version":[{"id":112003,"href":"https:\/\/tvbrazilusa.com\/pt\/wp-json\/wp\/v2\/posts\/112001\/revisions\/112003"}],"wp:featuredmedia":[{"embeddable":true,"href":"https:\/\/tvbrazilusa.com\/pt\/wp-json\/wp\/v2\/media\/112002"}],"wp:attachment":[{"href":"https:\/\/tvbrazilusa.com\/pt\/wp-json\/wp\/v2\/media?parent=112001"}],"wp:term":[{"taxonomy":"category","embeddable":true,"href":"https:\/\/tvbrazilusa.com\/pt\/wp-json\/wp\/v2\/categories?post=112001"},{"taxonomy":"post_tag","embeddable":true,"href":"https:\/\/tvbrazilusa.com\/pt\/wp-json\/wp\/v2\/tags?post=112001"}],"curies":[{"name":"wp","href":"https:\/\/api.w.org\/{rel}","templated":true}]}}