{"id":112022,"date":"2025-03-18T19:09:06","date_gmt":"2025-03-18T19:09:06","guid":{"rendered":"https:\/\/tvbrazilusa.com\/2025\/03\/18\/sobrinho-de-governador-e-preso-pela-pf\/"},"modified":"2025-03-18T19:09:07","modified_gmt":"2025-03-18T19:09:07","slug":"sobrinho-de-governador-e-preso-pela-pf","status":"publish","type":"post","link":"https:\/\/tvbrazilusa.com\/pt\/2025\/03\/18\/sobrinho-de-governador-e-preso-pela-pf\/","title":{"rendered":"Sobrinho de governador \u00e9 preso pela PF"},"content":{"rendered":"<p> <script async src=\"https:\/\/pagead2.googlesyndication.com\/pagead\/js\/adsbygoogle.js?client=ca-pub-8864793242727901\"\r\n     crossorigin=\"anonymous\"><\/script><br \/>\n<\/p>\n<div id=\"taboola-read-more\" style=\"display:block; width:100%\">\n<p>Ao deflagrar a nova fase da Opera\u00e7\u00e3o Sisamnes, a Pol\u00edcia Federal prendeu nesta ter\u00e7a-feira, 18, o advogado Thiago Marcos Barbosa de Carvalho (foto), assessor jur\u00eddico do Minist\u00e9rio P\u00fablico do Tocantins (MPTO) e sobrinho do governador do estado, Wanderlei Barbosa (Republicanos).\n<\/p>\n<p>Thiago Marcos atua no gabinete do procurador de Justi\u00e7a Ricardo Vicente da Silva, que tamb\u00e9m foi alvo de buscas.<\/p>\n<p>Ao deflagrar a nova fase da Opera\u00e7\u00e3o Sisamnes, a Pol\u00edcia Federal prendeu nesta ter\u00e7a-feira, 18, o advogado Thiago Marcos Barbosa de Carvalho (foto), assessor jur\u00eddico do Minist\u00e9rio P\u00fablico do Tocantins (MPTO) e sobrinho do governador do estado, Wanderlei Barbosa (Republicanos).\n<\/p>\n<p>Thiago Marcos atua no gabinete do procurador de Justi\u00e7a Ricardo Vicente da Silva, que tamb\u00e9m foi alvo de buscas.\n<\/p>\n<p>O governador de Tocantins, Wanderlei Barbosa, n\u00e3o \u00e9 investigado na opera\u00e7\u00e3o.\n<\/p>\n<p><strong>Opera\u00e7\u00e3o Sisamnes<\/strong><br \/>A PF realizou uma nova fase da Opera\u00e7\u00e3o Sisamnes para investigar crimes de obstru\u00e7\u00e3o de justi\u00e7a, viola\u00e7\u00e3o do sigilo funcional e corrup\u00e7\u00e3o ativa e passiva relacionados \u00e0 venda de senten\u00e7as no Superior Tribunal de Justi\u00e7a (STJ).\n<\/p>\n<p>Por determina\u00e7\u00e3o do ministro Cristiano Zanin, do Supremo Tribunal Federal, os policiais federais foram \u00e0s ruas para cumprir um mandado de pris\u00e3o preventiva e quatro de busca e apreens\u00e3o no estado de Tocantins.\n<\/p>\n<p>Tamb\u00e9m foram ordenadas medidas de afastamento das fun\u00e7\u00f5es p\u00fablicas, proibi\u00e7\u00e3o de contato e sa\u00edda do pa\u00eds, al\u00e9m do recolhimento de passaportes.\n<\/p>\n<p>Em nota, a PF informou que foi identificada \u201cuma rede clandestina de monitoramento, com\u00e9rcio e repasse de informa\u00e7\u00f5es sigilosas sobre o andamento de investiga\u00e7\u00f5es sens\u00edveis supervisionadas pelo Superior Tribunal de Justi\u00e7a, frustrando, assim, a efetividade das deflagra\u00e7\u00f5es das opera\u00e7\u00f5es policiais\u201d.\n<\/p>\n<p><strong>Buscas na sede do MPTO<\/strong><br \/>Um dos endere\u00e7os alvo de buscas foi a sede do Minist\u00e9rio P\u00fablico do Tocantins (MPTO), onde trabalham Thiago Marcos e Ricardo Vicente da Silva.\n<\/p>\n<p>Em nota, o Minist\u00e9rio P\u00fablico do Tocantins informou que, \u201cat\u00e9 o momento, n\u00e3o teve acesso \u00e0 decis\u00e3o do Ministro do Supremo Tribunal Federal, Cristiano Zanin, que determinou a opera\u00e7\u00e3o realizada pela Pol\u00edcia Federal na manh\u00e3 desta ter\u00e7a-feira (18) em desfavor de um procurador de Justi\u00e7a e de um assessor. Diante disso, a institui\u00e7\u00e3o n\u00e3o ir\u00e1 se manifestar neste momento\u201d.\n<\/p>\n<p>\u201cVerdadeiro com\u00e9rcio de decis\u00f5es judiciais\u201d<br \/>Ao autorizar uma das fases da Opera\u00e7\u00e3o Sisamnes em novembro de 2024, o ministro Cristiano Zanin, do STF, afirmou haver ind\u00edcios de um \u201cverdadeiro com\u00e9rcio de decis\u00f5es judiciais\u201d promovido entre lobistas e servidores do STJ.<\/p>\n<p>Fonte: O antagonista              <\/p>\n<\/div>\n<p><br \/>\n<br \/><a href=\"https:\/\/diariodobrasilnoticias.com.br\/noticia\/sobrinho-de-governador-e-preso-pela-pf-67d9a0f454fdf\">Source link <\/a><\/p>","protected":false},"excerpt":{"rendered":"<p>Ao deflagrar a nova fase da Opera\u00e7\u00e3o Sisamnes, a Pol\u00edcia Federal prendeu nesta ter\u00e7a-feira, 18, o advogado Thiago Marcos Barbosa de Carvalho (foto), assessor jur\u00eddico do Minist\u00e9rio P\u00fablico do Tocantins&hellip;<\/p>","protected":false},"author":1,"featured_media":112023,"comment_status":"closed","ping_status":"open","sticky":false,"template":"","format":"standard","meta":{"content-type":"","footnotes":""},"categories":[16],"tags":[123,2448,5313,1267],"class_list":["post-112022","post","type-post","status-publish","format-standard","has-post-thumbnail","hentry","category-noticias","tag-brasil","tag-diario","tag-noticia","tag-noticias"],"_links":{"self":[{"href":"https:\/\/tvbrazilusa.com\/pt\/wp-json\/wp\/v2\/posts\/112022","targetHints":{"allow":["GET"]}}],"collection":[{"href":"https:\/\/tvbrazilusa.com\/pt\/wp-json\/wp\/v2\/posts"}],"about":[{"href":"https:\/\/tvbrazilusa.com\/pt\/wp-json\/wp\/v2\/types\/post"}],"author":[{"embeddable":true,"href":"https:\/\/tvbrazilusa.com\/pt\/wp-json\/wp\/v2\/users\/1"}],"replies":[{"embeddable":true,"href":"https:\/\/tvbrazilusa.com\/pt\/wp-json\/wp\/v2\/comments?post=112022"}],"version-history":[{"count":1,"href":"https:\/\/tvbrazilusa.com\/pt\/wp-json\/wp\/v2\/posts\/112022\/revisions"}],"predecessor-version":[{"id":112024,"href":"https:\/\/tvbrazilusa.com\/pt\/wp-json\/wp\/v2\/posts\/112022\/revisions\/112024"}],"wp:featuredmedia":[{"embeddable":true,"href":"https:\/\/tvbrazilusa.com\/pt\/wp-json\/wp\/v2\/media\/112023"}],"wp:attachment":[{"href":"https:\/\/tvbrazilusa.com\/pt\/wp-json\/wp\/v2\/media?parent=112022"}],"wp:term":[{"taxonomy":"category","embeddable":true,"href":"https:\/\/tvbrazilusa.com\/pt\/wp-json\/wp\/v2\/categories?post=112022"},{"taxonomy":"post_tag","embeddable":true,"href":"https:\/\/tvbrazilusa.com\/pt\/wp-json\/wp\/v2\/tags?post=112022"}],"curies":[{"name":"wp","href":"https:\/\/api.w.org\/{rel}","templated":true}]}}