{"id":112025,"date":"2025-03-18T19:12:25","date_gmt":"2025-03-18T19:12:25","guid":{"rendered":"https:\/\/tvbrazilusa.com\/2025\/03\/18\/a-demolicao-comeca-no-armazem-desmoronado-em-springfield-jacksonville-hoje\/"},"modified":"2025-03-18T19:12:48","modified_gmt":"2025-03-18T19:12:48","slug":"a-demolicao-comeca-no-armazem-desmoronado-em-springfield-jacksonville-hoje","status":"publish","type":"post","link":"https:\/\/tvbrazilusa.com\/pt\/2025\/03\/18\/a-demolicao-comeca-no-armazem-desmoronado-em-springfield-jacksonville-hoje\/","title":{"rendered":"A demoli\u00e7\u00e3o come\u00e7a no armaz\u00e9m desmoronado em Springfield | Jacksonville hoje"},"content":{"rendered":"<p> <script async src=\"https:\/\/pagead2.googlesyndication.com\/pagead\/js\/adsbygoogle.js?client=ca-pub-8864793242727901\"\r\n     crossorigin=\"anonymous\"><\/script><br \/>\n<\/p>\n<div>\n<p>A demoli\u00e7\u00e3o come\u00e7ou em uma se\u00e7\u00e3o de um antigo armaz\u00e9m que desabou parcialmente na Main Street, em Springfield, durante a hora do rush na noite de segunda -feira.<\/p>\n<p>Permanecem perguntas sobre o motivo pelo qual parte do telhado e a parede externa da casa de leil\u00f5es de Salom\u00e3o desabou nas ruas North Main e East 14th, tomando banho na rua com tijolos e detritos enquanto outras partes intocadas pela cal\u00e7ada.<\/p>\n<p>O pr\u00e9dio desabou por volta das 17h, e os bombeiros acharam a estrutura insegura demais para entrar para verificar qualquer pessoa presa, disse o chefe dos bombeiros Keith Powers. Mais tarde, um drone policial verificou o pr\u00e9dio e descobriu que o telhado havia apodrecido e desmaiado. Um c\u00e3o do corpo de bombeiros n\u00e3o encontrou ningu\u00e9m dentro, disse Powers. <\/p>\n<p>&#8220;O pr\u00e9dio n\u00e3o \u00e9 seguro para ocupa\u00e7\u00e3o ou para o bairro&#8221;, disse o porta -voz do Corpo de Bombeiros, Eric Prosswimmer, no local na ter\u00e7a -feira de manh\u00e3. &#8220;N\u00f3s o entregamos \u00e0 conformidade com o pr\u00e9dio da cidade para que eles possam fazer o que precisavam fazer pela seguran\u00e7a dos cidad\u00e3os&#8221;.<\/p>\n<figure class=\"wp-block-image size-large\"><figcaption class=\"wp-element-caption\">Autoridades do Departamento de Inc\u00eandio e Resgate de Jacksonville olham para os restos do muro de tijolos que desabaram na North Main Street na segunda -feira \u00e0 tarde, 17 de mar\u00e7o de 2025. Jfrd<\/figcaption><\/figure>\n<p>O edif\u00edcio de 74.500 p\u00e9s quadrados foi constru\u00eddo em 1925, de acordo com os registros da cidade. O futuro das cidades de Miami o comprou em 2021. <\/p>\n<p>O futuro das cidades est\u00e1 desenvolvendo 8 acres do que \u00e9 conhecido como o <a href=\"https:\/\/jaxtoday.org\/2024\/10\/30\/development-jacksonville-urban-core\/\">Distrito de Artes e Inova\u00e7\u00e3o de Phoenix<\/a> Naquela parte de Springfield, em moradias, mercados e outros usos acess\u00edveis. Essas propriedades, incluindo o antigo armaz\u00e9m Salom\u00e3o, est\u00e3o ao longo do mercado, Hubbard, Main, Liberty e East 15th Streets.<\/p>\n<p>O porta -voz da cidade, Phil Perry, disse <a href=\"https:\/\/focities.com\/\" rel=\"nofollow noopener\" target=\"_blank\">Futuro das cidades<\/a> est\u00e1 pagando pela demoli\u00e7\u00e3o das partes do edif\u00edcio que representam a amea\u00e7a mais imediata de colapso adicional. A demoli\u00e7\u00e3o come\u00e7ou por volta das 8h da ter\u00e7a -feira. A cal\u00e7ada fechada e a rua principal norte deveriam ser reabertas ainda na ter\u00e7a -feira, disse Perry.<\/p>\n<figure class=\"wp-block-image size-large\"><img loading=\"lazy\" color=\"686f7e\" transparency=\"false\" style=\"--dominant-color: #686f7e;\" decoding=\"async\" width=\"1024\" height=\"576\" src=\"https:\/\/jaxtoday.org\/wp-content\/uploads\/2025\/03\/20250318_090025-scaled-1024x576.jpg\" alt=\"Demoli\u00e7\u00e3o do edif\u00edcio em colapso\" class=\"not-transparent wp-image-89924 wpsmartcrop-image\" srcset=\"https:\/\/jaxtoday.org\/wp-content\/uploads\/2025\/03\/20250318_090025-scaled-1024x576.jpg 1024w, https:\/\/jaxtoday.org\/wp-content\/uploads\/2025\/03\/20250318_090025-scaled-300x169.jpg 300w, https:\/\/jaxtoday.org\/wp-content\/uploads\/2025\/03\/20250318_090025-scaled-768x432.jpg 768w, https:\/\/jaxtoday.org\/wp-content\/uploads\/2025\/03\/20250318_090025-scaled-1536x864.jpg 1536w, https:\/\/jaxtoday.org\/wp-content\/uploads\/2025\/03\/20250318_090025-scaled-2048x1152.jpg 2048w, https:\/\/jaxtoday.org\/wp-content\/uploads\/2025\/03\/20250318_090025-scaled-800x450.jpg 800w, https:\/\/jaxtoday.org\/wp-content\/uploads\/2025\/03\/20250318_090025-scaled-1200x675.jpg 1200w, https:\/\/jaxtoday.org\/wp-content\/uploads\/2025\/03\/20250318_090025-scaled-427x240.jpg 427w, https:\/\/jaxtoday.org\/wp-content\/uploads\/2025\/03\/20250318_090025-scaled-100x56.jpg 100w, https:\/\/jaxtoday.org\/wp-content\/uploads\/2025\/03\/20250318_090025-scaled-1650x928.jpg 1650w\" sizes=\"auto, (max-width: 1024px) 100vw, 1024px\" data-smartcrop-focus=\"[46,44]\"\/><figcaption class=\"wp-element-caption\">A demoli\u00e7\u00e3o come\u00e7ou na ter\u00e7a -feira de manh\u00e3 em um armaz\u00e9m que desabou parcialmente na noite anterior nas ruas North Main e 14th. | Dan Scanlan, Jacksonville hoje<\/figcaption><\/figure>\n<p>O futuro das cidades n\u00e3o respondeu aos pedidos de coment\u00e1rio. Os funcion\u00e1rios da Phoenix Arts emitiram uma declara\u00e7\u00e3o dizendo que estava trabalhando em estreita colabora\u00e7\u00e3o com a cidade para se preparar para a demoli\u00e7\u00e3o da \u201cpropriedade desocupada e garantida\u201d na 2301 N. Main St.<\/p>\n<p>&#8220;Acreditamos que os recentes ventos fortes causaram o colapso acelerado do edif\u00edcio antes que a demoli\u00e7\u00e3o programada pudesse ser conclu\u00edda&#8221;, afirmou o comunicado. &#8220;Somos gratos por ningu\u00e9m ter sido ferido.&#8221;<\/p>\n<\/div>\n<p><br \/>\n<br \/><a href=\"https:\/\/jaxtoday.org\/2025\/03\/18\/collapsed-warehouse-phoenix-arts-district\/\">Source link <\/a><\/p>","protected":false},"excerpt":{"rendered":"<p>A demoli\u00e7\u00e3o come\u00e7ou em uma se\u00e7\u00e3o de um antigo armaz\u00e9m que desabou parcialmente na Main Street, em Springfield, durante a hora do rush na noite de segunda -feira. Permanecem perguntas&hellip;<\/p>","protected":false},"author":1,"featured_media":112026,"comment_status":"closed","ping_status":"open","sticky":false,"template":"","format":"standard","meta":{"content-type":"","footnotes":""},"categories":[1],"tags":[],"class_list":["post-112025","post","type-post","status-publish","format-standard","has-post-thumbnail","hentry","category-uncategorized"],"_links":{"self":[{"href":"https:\/\/tvbrazilusa.com\/pt\/wp-json\/wp\/v2\/posts\/112025","targetHints":{"allow":["GET"]}}],"collection":[{"href":"https:\/\/tvbrazilusa.com\/pt\/wp-json\/wp\/v2\/posts"}],"about":[{"href":"https:\/\/tvbrazilusa.com\/pt\/wp-json\/wp\/v2\/types\/post"}],"author":[{"embeddable":true,"href":"https:\/\/tvbrazilusa.com\/pt\/wp-json\/wp\/v2\/users\/1"}],"replies":[{"embeddable":true,"href":"https:\/\/tvbrazilusa.com\/pt\/wp-json\/wp\/v2\/comments?post=112025"}],"version-history":[{"count":1,"href":"https:\/\/tvbrazilusa.com\/pt\/wp-json\/wp\/v2\/posts\/112025\/revisions"}],"predecessor-version":[{"id":112027,"href":"https:\/\/tvbrazilusa.com\/pt\/wp-json\/wp\/v2\/posts\/112025\/revisions\/112027"}],"wp:featuredmedia":[{"embeddable":true,"href":"https:\/\/tvbrazilusa.com\/pt\/wp-json\/wp\/v2\/media\/112026"}],"wp:attachment":[{"href":"https:\/\/tvbrazilusa.com\/pt\/wp-json\/wp\/v2\/media?parent=112025"}],"wp:term":[{"taxonomy":"category","embeddable":true,"href":"https:\/\/tvbrazilusa.com\/pt\/wp-json\/wp\/v2\/categories?post=112025"},{"taxonomy":"post_tag","embeddable":true,"href":"https:\/\/tvbrazilusa.com\/pt\/wp-json\/wp\/v2\/tags?post=112025"}],"curies":[{"name":"wp","href":"https:\/\/api.w.org\/{rel}","templated":true}]}}