{"id":112028,"date":"2025-03-18T19:21:27","date_gmt":"2025-03-18T19:21:27","guid":{"rendered":"https:\/\/tvbrazilusa.com\/2025\/03\/18\/triste-eduardo-bolsonaro-chora-ao-falar-sobre-a-decisao-de-ficar-nos-eua-e-longe-da-familia-veja-video\/"},"modified":"2025-03-18T19:21:29","modified_gmt":"2025-03-18T19:21:29","slug":"triste-eduardo-bolsonaro-chora-ao-falar-sobre-a-decisao-de-ficar-nos-eua-e-longe-da-familia-veja-video","status":"publish","type":"post","link":"https:\/\/tvbrazilusa.com\/pt\/2025\/03\/18\/triste-eduardo-bolsonaro-chora-ao-falar-sobre-a-decisao-de-ficar-nos-eua-e-longe-da-familia-veja-video\/","title":{"rendered":"Triste: Eduardo Bolsonaro chora ao falar sobre a decis\u00e3o de ficar nos EUA e longe da fam\u00edlia; VEJA V\u00cdDEO"},"content":{"rendered":"<p> <script async src=\"https:\/\/pagead2.googlesyndication.com\/pagead\/js\/adsbygoogle.js?client=ca-pub-8864793242727901\"\r\n     crossorigin=\"anonymous\"><\/script><br \/>\n<\/p>\n<div id=\"taboola-read-more\" style=\"display:block; width:100%\">\n<p>Em um momento de forte emo\u00e7\u00e3o, Eduardo Bolsonaro n\u00e3o conteve as l\u00e1grimas ao comentar sua decis\u00e3o de permanecer nos Estados Unidos, afastado da fam\u00edlia. O deputado explicou que a escolha foi motivada por preocupa\u00e7\u00f5es com sua seguran\u00e7a e poss\u00edveis desdobramentos pol\u00edticos no Brasil.\u00a0\n<\/p>\n<p>ASSISTA:<\/p>\n<blockquote class=\"twitter-tweet\" data-media-max-width=\"560\">\n<p dir=\"ltr\" lang=\"pt\">TRISTE! Eduardo Bolsonaro vai \u00e0s l\u00e1grimas quando questionado se conversou com o seu pai sobre a decis\u00e3o de ficar nos EUA. <a href=\"https:\/\/t.co\/DoUVQctmlF\">pic.twitter.com\/DoUVQctmlF<\/a><br \/>\n\u2014 Vinicius Carrion (@viniciuscfp82) <a href=\"https:\/\/twitter.com\/viniciuscfp82\/status\/1902029920076730618?ref_src=twsrc%5Etfw\">March 18, 2025<\/a><\/p>\n<\/blockquote>\n<\/div>\n<p><script async src=\"\/\/platform.twitter.com\/widgets.js\" charset=\"utf-8\"><\/script><br \/>\n<br \/><br \/>\n<br \/><a href=\"https:\/\/diariodobrasilnoticias.com.br\/noticia\/triste-eduardo-bolsonaro-chora-ao-falar-sobre-a-decisao-de-ficar-nos-eua-e-longe-da-familia-veja-video-67d9a317edea5\">Source link <\/a><\/p>","protected":false},"excerpt":{"rendered":"<p>Em um momento de forte emo\u00e7\u00e3o, Eduardo Bolsonaro n\u00e3o conteve as l\u00e1grimas ao comentar sua decis\u00e3o de permanecer nos Estados Unidos, afastado da fam\u00edlia. O deputado explicou que a escolha&hellip;<\/p>","protected":false},"author":1,"featured_media":112029,"comment_status":"closed","ping_status":"open","sticky":false,"template":"","format":"standard","meta":{"content-type":"","footnotes":""},"categories":[16],"tags":[123,2448,5313,1267],"class_list":["post-112028","post","type-post","status-publish","format-standard","has-post-thumbnail","hentry","category-noticias","tag-brasil","tag-diario","tag-noticia","tag-noticias"],"_links":{"self":[{"href":"https:\/\/tvbrazilusa.com\/pt\/wp-json\/wp\/v2\/posts\/112028","targetHints":{"allow":["GET"]}}],"collection":[{"href":"https:\/\/tvbrazilusa.com\/pt\/wp-json\/wp\/v2\/posts"}],"about":[{"href":"https:\/\/tvbrazilusa.com\/pt\/wp-json\/wp\/v2\/types\/post"}],"author":[{"embeddable":true,"href":"https:\/\/tvbrazilusa.com\/pt\/wp-json\/wp\/v2\/users\/1"}],"replies":[{"embeddable":true,"href":"https:\/\/tvbrazilusa.com\/pt\/wp-json\/wp\/v2\/comments?post=112028"}],"version-history":[{"count":1,"href":"https:\/\/tvbrazilusa.com\/pt\/wp-json\/wp\/v2\/posts\/112028\/revisions"}],"predecessor-version":[{"id":112030,"href":"https:\/\/tvbrazilusa.com\/pt\/wp-json\/wp\/v2\/posts\/112028\/revisions\/112030"}],"wp:featuredmedia":[{"embeddable":true,"href":"https:\/\/tvbrazilusa.com\/pt\/wp-json\/wp\/v2\/media\/112029"}],"wp:attachment":[{"href":"https:\/\/tvbrazilusa.com\/pt\/wp-json\/wp\/v2\/media?parent=112028"}],"wp:term":[{"taxonomy":"category","embeddable":true,"href":"https:\/\/tvbrazilusa.com\/pt\/wp-json\/wp\/v2\/categories?post=112028"},{"taxonomy":"post_tag","embeddable":true,"href":"https:\/\/tvbrazilusa.com\/pt\/wp-json\/wp\/v2\/tags?post=112028"}],"curies":[{"name":"wp","href":"https:\/\/api.w.org\/{rel}","templated":true}]}}