{"id":112031,"date":"2025-03-18T19:33:13","date_gmt":"2025-03-18T19:33:13","guid":{"rendered":"https:\/\/tvbrazilusa.com\/2025\/03\/18\/urgente-eduardo-bolsonaro-diz-que-nao-voltara-ao-brasil-moraes-quer-me-usar-como-moeda-de-troca\/"},"modified":"2025-03-18T19:33:15","modified_gmt":"2025-03-18T19:33:15","slug":"urgente-eduardo-bolsonaro-diz-que-nao-voltara-ao-brasil-moraes-quer-me-usar-como-moeda-de-troca","status":"publish","type":"post","link":"https:\/\/tvbrazilusa.com\/pt\/2025\/03\/18\/urgente-eduardo-bolsonaro-diz-que-nao-voltara-ao-brasil-moraes-quer-me-usar-como-moeda-de-troca\/","title":{"rendered":"URGENTE: Eduardo Bolsonaro diz que n\u00e3o voltar\u00e1 ao Brasil: &#8216;Moraes quer me usar como moeda de troca&#8217;"},"content":{"rendered":"<p> <script async src=\"https:\/\/pagead2.googlesyndication.com\/pagead\/js\/adsbygoogle.js?client=ca-pub-8864793242727901\"\r\n     crossorigin=\"anonymous\"><\/script><br \/>\n<\/p>\n<div id=\"taboola-read-more\" style=\"display:block; width:100%\">\n<p>O deputado federal Eduardo Bolsonaro (PL-SP) anunciou nesta ter\u00e7a-feira (18) que n\u00e3o retornar\u00e1 ao Brasil nos pr\u00f3ximos meses. Em comunicado direto, ele explicou que a decis\u00e3o de permanecer nos Estados Unidos est\u00e1 ligada \u00e0 \u201cinseguran\u00e7a jur\u00eddica\u201d que, segundo ele, o pa\u00eds vive atualmente.<\/p>\n<p>A declara\u00e7\u00e3o surge em um momento de embate entre o parlamentar e o Supremo Tribunal Federal (STF), sobretudo com a figura do ministro Alexandre de Moraes.<\/p>\n<p>Eduardo Bolsonaro afirmou que seu afastamento tempor\u00e1rio do Brasil est\u00e1 relacionado ao que chama de persegui\u00e7\u00e3o pol\u00edtica por parte de Moraes, que, de acordo com o deputado, deseja prend\u00ea-lo sem qualquer acusa\u00e7\u00e3o formal de crime.<\/p>\n<p>Segundo ele, o motivo seria sua atua\u00e7\u00e3o internacional, que inclui a den\u00fancia daquilo que considera ser uma \u201cditadura do judici\u00e1rio\u201d no Brasil. O parlamentar acusa os magistrados, em especial os membros do STF, de violarem a Constitui\u00e7\u00e3o e perseguirem opositores pol\u00edticos do governo de Luiz In\u00e1cio Lula da Silva, al\u00e9m de seus apoiadores, especialmente os de seu pai, o ex-presidente Jair Bolsonaro.<\/p>\n<p>Eduardo Bolsonaro afirmou ainda que o ministro Alexandre de Moraes o v\u00ea como uma esp\u00e9cie de \u201cmoeda de troca\u201d, alegando que Moraes estaria disposto a retirar o seu passaporte e a liberdade de ele se deslocar para o exterior.<\/p>\n<p>Em sua justificativa, Eduardo exp\u00f4s que, para evitar um poss\u00edvel cerceamento de sua liberdade, optou por abdicar de seu mandato parlamentar temporariamente, decidindo seguir sua luta a partir dos Estados Unidos. Ele sustenta que sua escolha visa expor, para o mundo, a persegui\u00e7\u00e3o pol\u00edtica e os abusos do sistema judici\u00e1rio brasileiro.\n<\/p>\n<p>Fonte: Conex\u00e3o Pol\u00edtica<\/p>\n<\/p><\/div>\n<p><br \/>\n<br \/><a href=\"https:\/\/diariodobrasilnoticias.com.br\/noticia\/urgente-eduardo-bolsonaro-diz-que-nao-voltara-ao-brasil-moraes-quer-me-usar-como-moeda-de-troca-67d9a1ff1b603\">Source link <\/a><\/p>","protected":false},"excerpt":{"rendered":"<p>O deputado federal Eduardo Bolsonaro (PL-SP) anunciou nesta ter\u00e7a-feira (18) que n\u00e3o retornar\u00e1 ao Brasil nos pr\u00f3ximos meses. Em comunicado direto, ele explicou que a decis\u00e3o de permanecer nos Estados&hellip;<\/p>","protected":false},"author":1,"featured_media":112032,"comment_status":"closed","ping_status":"open","sticky":false,"template":"","format":"standard","meta":{"content-type":"","footnotes":""},"categories":[16],"tags":[123,2448,5313,1267],"class_list":["post-112031","post","type-post","status-publish","format-standard","has-post-thumbnail","hentry","category-noticias","tag-brasil","tag-diario","tag-noticia","tag-noticias"],"_links":{"self":[{"href":"https:\/\/tvbrazilusa.com\/pt\/wp-json\/wp\/v2\/posts\/112031","targetHints":{"allow":["GET"]}}],"collection":[{"href":"https:\/\/tvbrazilusa.com\/pt\/wp-json\/wp\/v2\/posts"}],"about":[{"href":"https:\/\/tvbrazilusa.com\/pt\/wp-json\/wp\/v2\/types\/post"}],"author":[{"embeddable":true,"href":"https:\/\/tvbrazilusa.com\/pt\/wp-json\/wp\/v2\/users\/1"}],"replies":[{"embeddable":true,"href":"https:\/\/tvbrazilusa.com\/pt\/wp-json\/wp\/v2\/comments?post=112031"}],"version-history":[{"count":1,"href":"https:\/\/tvbrazilusa.com\/pt\/wp-json\/wp\/v2\/posts\/112031\/revisions"}],"predecessor-version":[{"id":112033,"href":"https:\/\/tvbrazilusa.com\/pt\/wp-json\/wp\/v2\/posts\/112031\/revisions\/112033"}],"wp:featuredmedia":[{"embeddable":true,"href":"https:\/\/tvbrazilusa.com\/pt\/wp-json\/wp\/v2\/media\/112032"}],"wp:attachment":[{"href":"https:\/\/tvbrazilusa.com\/pt\/wp-json\/wp\/v2\/media?parent=112031"}],"wp:term":[{"taxonomy":"category","embeddable":true,"href":"https:\/\/tvbrazilusa.com\/pt\/wp-json\/wp\/v2\/categories?post=112031"},{"taxonomy":"post_tag","embeddable":true,"href":"https:\/\/tvbrazilusa.com\/pt\/wp-json\/wp\/v2\/tags?post=112031"}],"curies":[{"name":"wp","href":"https:\/\/api.w.org\/{rel}","templated":true}]}}