{"id":112034,"date":"2025-03-18T19:45:12","date_gmt":"2025-03-18T19:45:12","guid":{"rendered":"https:\/\/tvbrazilusa.com\/2025\/03\/18\/imposto-de-renda-governo-quer-ampliacao-da-faixa-de-isencao-em-2025\/"},"modified":"2025-03-18T19:45:16","modified_gmt":"2025-03-18T19:45:16","slug":"imposto-de-renda-governo-quer-ampliacao-da-faixa-de-isencao-em-2025","status":"publish","type":"post","link":"https:\/\/tvbrazilusa.com\/pt\/2025\/03\/18\/imposto-de-renda-governo-quer-ampliacao-da-faixa-de-isencao-em-2025\/","title":{"rendered":"Imposto de Renda: governo quer amplia\u00e7\u00e3o da faixa de isen\u00e7\u00e3o em 2025"},"content":{"rendered":"<p> <script async src=\"https:\/\/pagead2.googlesyndication.com\/pagead\/js\/adsbygoogle.js?client=ca-pub-8864793242727901\"\r\n     crossorigin=\"anonymous\"><\/script><br \/>\n<\/p>\n<div id=\"taboola-read-more\" style=\"display:block; width:100%\">\n<p>O governo do presidente Luiz In\u00e1cio Lula da Silva (PT) anunciou, nesta ter\u00e7a-feira (18\/3), a decis\u00e3o de ampliar a faixa de isen\u00e7\u00e3o do Imposto de Renda das Pessoas F\u00edsicas (IRPF) deste ano.\n<\/p>\n<p>A cifra passou dos atuais R$ 2.824 para 3.036 em 2025. Com isso, a medida visa abarcar aqueles que recebem at\u00e9 dois sal\u00e1rios m\u00ednimos, visto que o valor subiu para 1.518 no come\u00e7o deste ano.<\/p>\n<p>Confira as \u00faltimas faixas de isen\u00e7\u00e3o do IRPF:\n<\/p>\n<p>em 2023, foi de R$ 2.640;<br \/>em 2024, subiu de R$ 2.640 para R$ 2.824; e<br \/>em 2025, cresceu de R$ 2.824 para 3.036.<br \/>No entanto, a altera\u00e7\u00e3o na faixa de isen\u00e7\u00e3o depende da aprova\u00e7\u00e3o e san\u00e7\u00e3o do Or\u00e7amento de 2025. O texto est\u00e1 parado no Congresso Nacional desde o ano passado, que preferiu priorizar o avan\u00e7o do pacote fiscal.\n<\/p>\n<p><strong>O IRPF 2025<\/strong><br \/>Prazo para entrega das declara\u00e7\u00f5es come\u00e7a nesta segunda-feira (17\/3) e vai at\u00e9 a \u00faltima sexta-feira de maio (30\/5).<br \/>Apenas em 1\u00ba\/4 haver\u00e1 a libera\u00e7\u00e3o da declara\u00e7\u00e3o pr\u00e9-preenchida a todos os contribuintes.<br \/>Para ser obrigado a declarar, o trabalhador precisa ter recebido rendimentos tribut\u00e1veis acima de R$ 33.888 no ano passado. No caso de trabalhador rural, o limite da receita bruta de obrigatoriedade \u00e9 de R$ 169.440.<br \/>Est\u00e3o isentas da declara\u00e7\u00e3o as pessoas que receberam at\u00e9 dois sal\u00e1rios m\u00ednimos mensais durante 2024, salvo se se enquadrarem em outro crit\u00e9rio de obrigatoriedade.<br \/>O cronograma de pagamento dos cinco lotes de restitui\u00e7\u00e3o come\u00e7a em 30\/5 e vai at\u00e9 30\/9, em cinco lotes.<br \/>Quem n\u00e3o fizer ou atrasar a entrega dos documentos ao Fisco ter\u00e1 de pagar multa no valor m\u00ednimo de R$ 165,74 e no valor m\u00e1ximo correspondente a 20% do imposto devido sobre a renda.<br \/>A expectativa, segundo o calend\u00e1rio da Comiss\u00e3o Mista de Or\u00e7amento (CMO), \u00e9 votar a pe\u00e7a or\u00e7ament\u00e1ria at\u00e9 sexta-feira (21\/3).\n<\/p>\n<p><strong>Imposto de Renda<\/strong><br \/>O prazo para enviar as declara\u00e7\u00f5es do Imposto de Renda de 2025, referente ao ano-calend\u00e1rio 2024, come\u00e7ou nessa segunda-feira (17\/3) e est\u00e1 previsto para terminar em 30 de maio. No primeiro dia, foram entregues 561 mil documentos ao Le\u00e3o.\n<\/p>\n<p>A expectativa da Receita Federal \u00e9 de que 46,2 milh\u00f5es de declara\u00e7\u00f5es sejam enviadas at\u00e9 a data limite.\n<\/p>\n<p>Fonte: Metr\u00f3poles              <\/p>\n<\/div>\n<p><br \/>\n<br \/><a href=\"https:\/\/diariodobrasilnoticias.com.br\/noticia\/imposto-de-renda-governo-quer-ampliacao-da-faixa-de-isencao-em-2025-67d9b1d0a38ea\">Source link <\/a><\/p>","protected":false},"excerpt":{"rendered":"<p>O governo do presidente Luiz In\u00e1cio Lula da Silva (PT) anunciou, nesta ter\u00e7a-feira (18\/3), a decis\u00e3o de ampliar a faixa de isen\u00e7\u00e3o do Imposto de Renda das Pessoas F\u00edsicas (IRPF)&hellip;<\/p>","protected":false},"author":1,"featured_media":112035,"comment_status":"closed","ping_status":"open","sticky":false,"template":"","format":"standard","meta":{"content-type":"","footnotes":""},"categories":[16],"tags":[123,2448,5313,1267],"class_list":["post-112034","post","type-post","status-publish","format-standard","has-post-thumbnail","hentry","category-noticias","tag-brasil","tag-diario","tag-noticia","tag-noticias"],"_links":{"self":[{"href":"https:\/\/tvbrazilusa.com\/pt\/wp-json\/wp\/v2\/posts\/112034","targetHints":{"allow":["GET"]}}],"collection":[{"href":"https:\/\/tvbrazilusa.com\/pt\/wp-json\/wp\/v2\/posts"}],"about":[{"href":"https:\/\/tvbrazilusa.com\/pt\/wp-json\/wp\/v2\/types\/post"}],"author":[{"embeddable":true,"href":"https:\/\/tvbrazilusa.com\/pt\/wp-json\/wp\/v2\/users\/1"}],"replies":[{"embeddable":true,"href":"https:\/\/tvbrazilusa.com\/pt\/wp-json\/wp\/v2\/comments?post=112034"}],"version-history":[{"count":1,"href":"https:\/\/tvbrazilusa.com\/pt\/wp-json\/wp\/v2\/posts\/112034\/revisions"}],"predecessor-version":[{"id":112036,"href":"https:\/\/tvbrazilusa.com\/pt\/wp-json\/wp\/v2\/posts\/112034\/revisions\/112036"}],"wp:featuredmedia":[{"embeddable":true,"href":"https:\/\/tvbrazilusa.com\/pt\/wp-json\/wp\/v2\/media\/112035"}],"wp:attachment":[{"href":"https:\/\/tvbrazilusa.com\/pt\/wp-json\/wp\/v2\/media?parent=112034"}],"wp:term":[{"taxonomy":"category","embeddable":true,"href":"https:\/\/tvbrazilusa.com\/pt\/wp-json\/wp\/v2\/categories?post=112034"},{"taxonomy":"post_tag","embeddable":true,"href":"https:\/\/tvbrazilusa.com\/pt\/wp-json\/wp\/v2\/tags?post=112034"}],"curies":[{"name":"wp","href":"https:\/\/api.w.org\/{rel}","templated":true}]}}