{"id":112040,"date":"2025-03-18T20:01:15","date_gmt":"2025-03-18T20:01:15","guid":{"rendered":"https:\/\/tvbrazilusa.com\/2025\/03\/18\/clt-que-faz-bicos-e-recebe-pagamentos-via-pix-sera-taxado-entenda\/"},"modified":"2025-03-18T20:01:19","modified_gmt":"2025-03-18T20:01:19","slug":"clt-que-faz-bicos-e-recebe-pagamentos-via-pix-sera-taxado-entenda","status":"publish","type":"post","link":"https:\/\/tvbrazilusa.com\/pt\/2025\/03\/18\/clt-que-faz-bicos-e-recebe-pagamentos-via-pix-sera-taxado-entenda\/","title":{"rendered":"CLT que faz &#8216;bicos&#8217; e recebe pagamentos via Pix ser\u00e1 taxado? Entenda"},"content":{"rendered":"<p> <script async src=\"https:\/\/pagead2.googlesyndication.com\/pagead\/js\/adsbygoogle.js?client=ca-pub-8864793242727901\"\r\n     crossorigin=\"anonymous\"><\/script><br \/>\n<\/p>\n<div id=\"taboola-read-more\" style=\"display:block; width:100%\">\n<p>Para compensar a perda de arrecada\u00e7\u00e3o que vir\u00e1 da amplia\u00e7\u00e3o da faixa de isen\u00e7\u00e3o do Imposto de Renda (IR) para quem recebe at\u00e9 R$ 5 mil, o governo do presidente Luiz In\u00e1cio Lula da Silva (PT) sugeriu criar um imposto m\u00ednimo sobre as altas rendas, aquelas acima de R$ 50 mil mensais \u2014 equivalente a R$ 600 mil anuais.\n<\/p>\n<p>Nesses casos, a tributa\u00e7\u00e3o incidir\u00e1 de forma gradual, com teto de 10%. Entram no c\u00e1lculo para fixa\u00e7\u00e3o da al\u00edquota m\u00ednima ganhos com sal\u00e1rio, aluguel, dividendos e outros rendimentos. No entanto, ser\u00e3o exclu\u00eddos do c\u00e1lculo do imposto devido os seguintes casos:<\/p>\n<p>ganho de capital;<br \/>poupan\u00e7a;<br \/>indeniza\u00e7\u00f5es;<br \/>heran\u00e7a ou doa\u00e7\u00e3o em adiantamento da leg\u00edtima (quando parte da heran\u00e7a \u00e9 doada ao benefici\u00e1rio ainda em vida);<br \/>aposentadoria e pens\u00e3o de mol\u00e9stia grave; e<br \/>rendimentos recebidos acumuladamente.<br \/>Al\u00e9m disso, o Minist\u00e9rio da Fazenda afirmou que quem \u00e9 CLT, mas tamb\u00e9m faz \u201cbicos\u201d e recebe pagamentos via Pix, ultrapassando R$ 50 mil por m\u00eas, n\u00e3o ser\u00e1 taxado.\n<\/p>\n<p>A pasta informou que \u201cn\u00e3o haver\u00e1 tributa\u00e7\u00e3o adicional sobre esse valor\u201d, pois a nova regra n\u00e3o afeta sal\u00e1rios, honor\u00e1rios, alugu\u00e9is ou outras rendas tributadas na fonte.\n<\/p>\n<p>A medida se aplica apenas a quem recebe rendimentos isentos, como dividendos de empresas. \u201cPortanto, mesmo que seu rendimento total anual ultrapasse R$ 600 mil, voc\u00ea s\u00f3 ser\u00e1 impactado se parte significativa desse valor vier de rendimentos isentos, como dividendos (ou seja: parte do lucro de uma empresa que \u00e9 distribu\u00edda aos seus acionistas)\u201d, informou a pasta.\n<\/p>\n<p>O minist\u00e9rio sustenta que se os rendimentos s\u00e3o salariais, a pessoa j\u00e1 paga IR sobre eles e nada muda.\n<\/p>\n<p>Segundo o governo, a medida vai afetar 141,4 mil pessoas com alta renda, ou seja, cerca de 0,13% dos contribuintes. J\u00e1 a amplia\u00e7\u00e3o da faixa de isen\u00e7\u00e3o deve beneficiar 10 milh\u00f5es de contribuintes. O projeto ainda pretende reduzir o imposto para quem recebe entre R$ 5 mil e R$ 7 mil.\n<\/p>\n<p>A proposta precisa passar pelo Congresso Nacional. A expectativa \u00e9 que a mat\u00e9ria seja aprovada em 2025 para passar a valer em 2026, ano de elei\u00e7\u00f5es presidenciais. Esta \u00e9 a principal aposta do governo para reverter a queda na popularidade, mostrada nas \u00faltimas pesquisas de opini\u00e3o.\n<\/p>\n<p>Al\u00edquota gradual<br \/>Para os brasileiros que recebem entre R$ 600 mil e R$ 1,2 milh\u00e3o por ano a tributa\u00e7\u00e3o ocorrer\u00e1 de forma gradual, com al\u00edquota que varia entre 0% a 10%, dividido da seguinte forma:\n<\/p>\n<p>renda de R$ 600 mil por ano (R$ 50 mil por m\u00eas): continuar\u00e1 pagando o imposto normalmente, sem altera\u00e7\u00e3o.<br \/>renda de R$ 750 mil por ano (R$ 62,5 mil\/m\u00eas): incidir\u00e1 ao menos 2,5% de imposto sobre o montante, o equivalente a R$ 18,75 mil de imposto m\u00ednimo ao ano.<br \/>renda de R$ 900 mil (R$ 75 mil\/m\u00eas): o imposto m\u00ednimo ser\u00e1 de R$ 5% sobre a renda, o que corresponde a R$ 45 mil por ano.<br \/>renda de R$ 1,05 milh\u00e3o por ano (R$ 87,5 mil\/m\u00eas): al\u00edquota m\u00ednima de R$ 7,5%, equivalente a R$ 78,75 mil ao ano.<br \/>renda de 1,2 milh\u00e3o (R$ 100 mil\/m\u00eas) ou mais: imposto m\u00ednimo de 10% sobre a renda total, que corresponde a R$ 120 mil por ano.<br \/>Os que j\u00e1 pagam a al\u00edquota m\u00ednima ou mais n\u00e3o precisar\u00e3o pagar a mais. Caso j\u00e1 paguem uma parcela do valor, ter\u00e3o que complementar a diferen\u00e7a.\n<\/p>\n<p>Ainda segunda a Fazenda, h\u00e1 garantia de que a tributa\u00e7\u00e3o efetiva da empresa, somada \u00e0 tributa\u00e7\u00e3o m\u00ednima sobre o dividendo da pessoa f\u00edsica n\u00e3o ser\u00e1 superior a:\n<\/p>\n<p>34% nas empresas n\u00e3o financeiras; e<br \/>45% nas empresas financeiras.<br \/>Se ultrapassar, haver\u00e1 restitui\u00e7\u00e3o\/cr\u00e9dito no ajuste anual da pessoa f\u00edsica, disse a pasta.\n<\/p>\n<p>Fonte: Metr\u00f3poles              <\/p>\n<\/div>\n<p><br \/>\n<br \/><a href=\"https:\/\/diariodobrasilnoticias.com.br\/noticia\/clt-que-faz-bicos-e-recebe-pagamentos-via-pix-sera-taxado-entenda-67d9b34acafd8\">Source link <\/a><\/p>","protected":false},"excerpt":{"rendered":"<p>Para compensar a perda de arrecada\u00e7\u00e3o que vir\u00e1 da amplia\u00e7\u00e3o da faixa de isen\u00e7\u00e3o do Imposto de Renda (IR) para quem recebe at\u00e9 R$ 5 mil, o governo do presidente&hellip;<\/p>","protected":false},"author":1,"featured_media":112041,"comment_status":"closed","ping_status":"open","sticky":false,"template":"","format":"standard","meta":{"content-type":"","footnotes":""},"categories":[16],"tags":[123,2448,5313,1267],"class_list":["post-112040","post","type-post","status-publish","format-standard","has-post-thumbnail","hentry","category-noticias","tag-brasil","tag-diario","tag-noticia","tag-noticias"],"_links":{"self":[{"href":"https:\/\/tvbrazilusa.com\/pt\/wp-json\/wp\/v2\/posts\/112040","targetHints":{"allow":["GET"]}}],"collection":[{"href":"https:\/\/tvbrazilusa.com\/pt\/wp-json\/wp\/v2\/posts"}],"about":[{"href":"https:\/\/tvbrazilusa.com\/pt\/wp-json\/wp\/v2\/types\/post"}],"author":[{"embeddable":true,"href":"https:\/\/tvbrazilusa.com\/pt\/wp-json\/wp\/v2\/users\/1"}],"replies":[{"embeddable":true,"href":"https:\/\/tvbrazilusa.com\/pt\/wp-json\/wp\/v2\/comments?post=112040"}],"version-history":[{"count":1,"href":"https:\/\/tvbrazilusa.com\/pt\/wp-json\/wp\/v2\/posts\/112040\/revisions"}],"predecessor-version":[{"id":112042,"href":"https:\/\/tvbrazilusa.com\/pt\/wp-json\/wp\/v2\/posts\/112040\/revisions\/112042"}],"wp:featuredmedia":[{"embeddable":true,"href":"https:\/\/tvbrazilusa.com\/pt\/wp-json\/wp\/v2\/media\/112041"}],"wp:attachment":[{"href":"https:\/\/tvbrazilusa.com\/pt\/wp-json\/wp\/v2\/media?parent=112040"}],"wp:term":[{"taxonomy":"category","embeddable":true,"href":"https:\/\/tvbrazilusa.com\/pt\/wp-json\/wp\/v2\/categories?post=112040"},{"taxonomy":"post_tag","embeddable":true,"href":"https:\/\/tvbrazilusa.com\/pt\/wp-json\/wp\/v2\/tags?post=112040"}],"curies":[{"name":"wp","href":"https:\/\/api.w.org\/{rel}","templated":true}]}}