{"id":112043,"date":"2025-03-18T20:19:14","date_gmt":"2025-03-18T20:19:14","guid":{"rendered":"https:\/\/tvbrazilusa.com\/2025\/03\/18\/chefe-do-governo-do-hamas-e-morto-em-bombardeio\/"},"modified":"2025-03-18T20:19:20","modified_gmt":"2025-03-18T20:19:20","slug":"chefe-do-governo-do-hamas-e-morto-em-bombardeio","status":"publish","type":"post","link":"https:\/\/tvbrazilusa.com\/pt\/2025\/03\/18\/chefe-do-governo-do-hamas-e-morto-em-bombardeio\/","title":{"rendered":"Chefe do governo do Hamas \u00e9 morto em bombardeio"},"content":{"rendered":"<p> <script async src=\"https:\/\/pagead2.googlesyndication.com\/pagead\/js\/adsbygoogle.js?client=ca-pub-8864793242727901\"\r\n     crossorigin=\"anonymous\"><\/script><br \/>\n<\/p>\n<div id=\"taboola-read-more\" style=\"display:block; width:100%\">\n<p>Os bombardeios que Israel lan\u00e7ou na madrugada desta ter\u00e7a-feira (18) contra a Faixa de Gaza mataram pelo menos quatro autoridades do governo do Hamas, entre eles Essam al Dalis, o chefe do Executivo do enclave. As outras tr\u00eas v\u00edtimas que faziam parte do governo s\u00e3o Ahmed al Hatta, vice-ministro da Justi\u00e7a; Mahmud Abu Wafah, vice-ministro do Interior; e Bahjat Abu Sultan, funcion\u00e1rio do Minist\u00e9rio do Interior.\n<\/p>\n<p>Mais de 400 pessoas morreram na Faixa de Gaza e cerca de 600 ficaram feridas depois que os ataques come\u00e7aram pouco depois das 2h da manh\u00e3 (hor\u00e1rio local, 21h de segunda-feira em Bras\u00edlia), em todo o enclave, e atingindo particularmente a parte sul de Khan Younis.<\/p>\n<p>O gabinete de Netanyahu disse em um comunicado que ordenou \u201cmedidas en\u00e9rgicas contra a organiza\u00e7\u00e3o terrorista Hamas na Faixa de Gaza\u201d devido \u00e0 recusa do grupo em libertar os 59 ref\u00e9ns que seguem em cativeiro no enclave.\n<\/p>\n<p>O Ex\u00e9rcito de Israel, por sua vez, afirmou ter bombardeado \u201cc\u00e9lulas terroristas, dep\u00f3sitos de armas e infraestrutura militar adicionais\u201d.\n<\/p>\n<p>\u2013 As For\u00e7as de Defesa de Israel (FDI) e a Ag\u00eancia de Seguran\u00e7a Interna (Shin Bet) seguem atacando alvos terroristas pertencentes \u00e0s organiza\u00e7\u00f5es terroristas Hamas e Jihad Isl\u00e2mica Palestina em toda a Faixa de Gaza \u2013 afirmou um comunicado das For\u00e7as Armadas israelenses, que esclarece que as bombas continuam sendo lan\u00e7adas.\n<\/p>\n<p>Os bombardeios continuam mais de 11 horas depois que o primeiro-ministro israelense, Benjamin Netanyahu, anunciou o in\u00edcio da ofensiva por volta das 2h20 (hor\u00e1rio local, 21h20 de segunda-feira em Bras\u00edlia).\n<\/p>\n<p>\u2013 Os assassinos do Hamas precisam entender: se n\u00e3o libertarem todos os nossos ref\u00e9ns, nossos ataques s\u00f3 v\u00e3o piorar \u2013 advertiu nesta ter\u00e7a o ministro da Defesa, Israel Katz, durante uma reuni\u00e3o com Netanyahu, o chefe do Estado-Maior do Ex\u00e9rcito, Eyal Zamir, e outras autoridades de seguran\u00e7a em Tel Aviv.\n<\/p>\n<p>Fonte: Pleno News              <\/p>\n<\/div>\n<p><br \/>\n<br \/><a href=\"https:\/\/diariodobrasilnoticias.com.br\/noticia\/chefe-do-governo-do-hamas-e-morto-em-bombardeio-67d9b50b25ea5\">Source link <\/a><\/p>","protected":false},"excerpt":{"rendered":"<p>Os bombardeios que Israel lan\u00e7ou na madrugada desta ter\u00e7a-feira (18) contra a Faixa de Gaza mataram pelo menos quatro autoridades do governo do Hamas, entre eles Essam al Dalis, o&hellip;<\/p>","protected":false},"author":1,"featured_media":112044,"comment_status":"closed","ping_status":"open","sticky":false,"template":"","format":"standard","meta":{"content-type":"","footnotes":""},"categories":[16],"tags":[123,2448,5313,1267],"class_list":["post-112043","post","type-post","status-publish","format-standard","has-post-thumbnail","hentry","category-noticias","tag-brasil","tag-diario","tag-noticia","tag-noticias"],"_links":{"self":[{"href":"https:\/\/tvbrazilusa.com\/pt\/wp-json\/wp\/v2\/posts\/112043","targetHints":{"allow":["GET"]}}],"collection":[{"href":"https:\/\/tvbrazilusa.com\/pt\/wp-json\/wp\/v2\/posts"}],"about":[{"href":"https:\/\/tvbrazilusa.com\/pt\/wp-json\/wp\/v2\/types\/post"}],"author":[{"embeddable":true,"href":"https:\/\/tvbrazilusa.com\/pt\/wp-json\/wp\/v2\/users\/1"}],"replies":[{"embeddable":true,"href":"https:\/\/tvbrazilusa.com\/pt\/wp-json\/wp\/v2\/comments?post=112043"}],"version-history":[{"count":1,"href":"https:\/\/tvbrazilusa.com\/pt\/wp-json\/wp\/v2\/posts\/112043\/revisions"}],"predecessor-version":[{"id":112045,"href":"https:\/\/tvbrazilusa.com\/pt\/wp-json\/wp\/v2\/posts\/112043\/revisions\/112045"}],"wp:featuredmedia":[{"embeddable":true,"href":"https:\/\/tvbrazilusa.com\/pt\/wp-json\/wp\/v2\/media\/112044"}],"wp:attachment":[{"href":"https:\/\/tvbrazilusa.com\/pt\/wp-json\/wp\/v2\/media?parent=112043"}],"wp:term":[{"taxonomy":"category","embeddable":true,"href":"https:\/\/tvbrazilusa.com\/pt\/wp-json\/wp\/v2\/categories?post=112043"},{"taxonomy":"post_tag","embeddable":true,"href":"https:\/\/tvbrazilusa.com\/pt\/wp-json\/wp\/v2\/tags?post=112043"}],"curies":[{"name":"wp","href":"https:\/\/api.w.org\/{rel}","templated":true}]}}