{"id":11209,"date":"2022-03-19T15:42:59","date_gmt":"2022-03-19T15:42:59","guid":{"rendered":"https:\/\/tvbrazilusa.com\/2022\/03\/19\/a-militancia-de-redacao-defende-a-censura-de-milhoes-de-brasileiros\/"},"modified":"2022-03-19T15:42:59","modified_gmt":"2022-03-19T15:42:59","slug":"a-militancia-de-redacao-defende-a-censura-de-milhoes-de-brasileiros","status":"publish","type":"post","link":"https:\/\/tvbrazilusa.com\/pt\/2022\/03\/19\/a-militancia-de-redacao-defende-a-censura-de-milhoes-de-brasileiros\/","title":{"rendered":"A milit\u00e2ncia de reda\u00e7\u00e3o defende a censura de milh\u00f5es de brasileiros"},"content":{"rendered":"<p><iframe  width=\"580\" height=\"385\" src=\"https:\/\/www.youtube.com\/embed\/_1aQIdVbMZk?modestbranding=1\" frameborder=\"0\" allowfullscreen><\/iframe><br \/>\n<br \/>\ud83d\udce2Fa\u00e7a sua pr\u00e9-matr\u00edcula e participe do m\u00f3dulo inaugural da Opera\u00e7\u00e3o Global Invest:<br \/>\n\u25c7 <\/p>\n<p> Conforme previsto, a extrema-imprensa, que preparou o terreno para o bloqueio do Telegram atrav\u00e9s de mat\u00e9rias que vilificavam a ferramenta, agora defendem a decis\u00e3o do bloqueio do App, impondo a censura a milh\u00f5es de brasileiros.<br \/>\n<br \/><a href=\"https:\/\/www.youtube.com\/watch?v=_1aQIdVbMZk\">source<\/a><\/p>","protected":false},"excerpt":{"rendered":"<p>\ud83d\udce2Fa\u00e7a sua pr\u00e9-matr\u00edcula e participe do m\u00f3dulo inaugural da Opera\u00e7\u00e3o Global Invest: \u25c7 Conforme previsto, a extrema-imprensa, que preparou o terreno para o bloqueio do Telegram atrav\u00e9s de mat\u00e9rias que&hellip;<\/p>","protected":false},"author":1,"featured_media":11210,"comment_status":"","ping_status":"open","sticky":false,"template":"","format":"standard","meta":{"content-type":"","footnotes":""},"categories":[1],"tags":[],"class_list":["post-11209","post","type-post","status-publish","format-standard","has-post-thumbnail","hentry","category-uncategorized"],"_links":{"self":[{"href":"https:\/\/tvbrazilusa.com\/pt\/wp-json\/wp\/v2\/posts\/11209","targetHints":{"allow":["GET"]}}],"collection":[{"href":"https:\/\/tvbrazilusa.com\/pt\/wp-json\/wp\/v2\/posts"}],"about":[{"href":"https:\/\/tvbrazilusa.com\/pt\/wp-json\/wp\/v2\/types\/post"}],"author":[{"embeddable":true,"href":"https:\/\/tvbrazilusa.com\/pt\/wp-json\/wp\/v2\/users\/1"}],"replies":[{"embeddable":true,"href":"https:\/\/tvbrazilusa.com\/pt\/wp-json\/wp\/v2\/comments?post=11209"}],"version-history":[{"count":0,"href":"https:\/\/tvbrazilusa.com\/pt\/wp-json\/wp\/v2\/posts\/11209\/revisions"}],"wp:featuredmedia":[{"embeddable":true,"href":"https:\/\/tvbrazilusa.com\/pt\/wp-json\/wp\/v2\/media\/11210"}],"wp:attachment":[{"href":"https:\/\/tvbrazilusa.com\/pt\/wp-json\/wp\/v2\/media?parent=11209"}],"wp:term":[{"taxonomy":"category","embeddable":true,"href":"https:\/\/tvbrazilusa.com\/pt\/wp-json\/wp\/v2\/categories?post=11209"},{"taxonomy":"post_tag","embeddable":true,"href":"https:\/\/tvbrazilusa.com\/pt\/wp-json\/wp\/v2\/tags?post=11209"}],"curies":[{"name":"wp","href":"https:\/\/api.w.org\/{rel}","templated":true}]}}