{"id":112106,"date":"2025-03-18T22:48:50","date_gmt":"2025-03-18T22:48:50","guid":{"rendered":"https:\/\/tvbrazilusa.com\/2025\/03\/18\/os-democratas-se-reunem-no-capitolio-do-estado-para-protestar-contra-o-possivel-medicaid-cus\/"},"modified":"2025-03-18T22:57:05","modified_gmt":"2025-03-18T22:57:05","slug":"os-democratas-se-reunem-no-capitolio-do-estado-para-protestar-contra-o-possivel-medicaid-cus","status":"publish","type":"post","link":"https:\/\/tvbrazilusa.com\/pt\/2025\/03\/18\/os-democratas-se-reunem-no-capitolio-do-estado-para-protestar-contra-o-possivel-medicaid-cus\/","title":{"rendered":"Os democratas se re\u00fanem no Capit\u00f3lio do Estado para protestar contra o poss\u00edvel Medicaid Cus"},"content":{"rendered":"<script async src=\"https:\/\/pagead2.googlesyndication.com\/pagead\/js\/adsbygoogle.js?client=ca-pub-8864793242727901\"\r\n     crossorigin=\"anonymous\"><\/script>\n<p>HARTFORD, Connecticut (WTNH) &#8211; O governador Ned Lamont juntou -se aos principais democratas do estado para uma manifesta\u00e7\u00e3o no alerta do Capit\u00f3lio do Estado contra poss\u00edveis cortes no financiamento do Medicaid.<\/p>\n<p>O presidente Donald Trump insistiu que n\u00e3o pretende cortar o Medicaid, o Medicare ou o financiamento da seguridade social. Mas os democratas argumentam que os cortes s\u00e3o inevit\u00e1veis \u200b\u200bse os republicanos em Washington levarem a s\u00e9rio o cumprimento de sua campanha promessas de reduzir drasticamente os gastos federais ao mesmo tempo em que procuram renovar cortes de impostos abrangentes do primeiro mandato de Trump.<\/p>\n<div class=\"nlp-ignore-block article-content rich-text\">\n<aside class=\"promo-link\">\n\t<a href=\"https:\/\/www.wtnh.com\/news\/connecticut\/hartford\/celebrating-red-cross-month-at-the-capitol\/?ipid=promo-link-block1\" class=\"promo-link__link\"><\/p>\n<p>\t\tCelebrando o m\u00eas da Cruz Vermelha no Capit\u00f3lio\t<\/a><br \/>\n<\/aside>\n<\/div>\n<p>&#8220;O foco deles \u00e9 o corte de impostos de dois trilh\u00f5es de d\u00f3lares que eles querem tornar permanente&#8221;, disse o deputado John Larson a uma multid\u00e3o de algumas centenas de centenas se reuniram no South Lawn, no sul do Capit\u00f3lio. <\/p>\n<p>Larson preside o subcomit\u00ea do Congresso respons\u00e1vel por supervisionar a previd\u00eancia social. Seus colegas democratas ecoaram seu aviso.<\/p>\n<p>&#8220;Meus amigos, Medicaid, est\u00e1 em perigo mortal&#8221;, disse a deputada Rosa DeLauro, a principal democrata do comit\u00ea de escrita or\u00e7ament\u00e1ria da C\u00e2mara dos EUA. <\/p>\n<p>Ela citou um n\u00famero apresentado em um plano or\u00e7ament\u00e1rio elaborado por seus colegas republicanos na C\u00e2mara, que tem como alvo US $ 880 bilh\u00f5es em cortes de gastos pelo Comit\u00ea do Congresso que supervisiona o financiamento do Medicaid.<\/p>\n<p>Os republicanos de Connecticut ecoam em grande parte a alega\u00e7\u00e3o de Trump de que os servi\u00e7os de bem -estar centrais n\u00e3o ser\u00e3o v\u00edtimas de futuras propostas de or\u00e7amento republicano &#8211; enquanto a identifica\u00e7\u00e3o de \u00e1reas onde eles acreditam que os gastos podem ser reduzidos.<\/p>\n<p>&#8220;Certamente precisamos proteger os benef\u00edcios fornecidos no Medicaid&#8221;, disse o deputado estadual Vincent Candelora, l\u00edder republicano na C\u00e2mara dos Deputados do estado. &#8220;Mas tamb\u00e9m precisamos olhar, por exemplo, fornecemos a Medicaid a indiv\u00edduos corporais que podem ir trabalhar&#8221;.<\/p>\n<p>A Candelora tamb\u00e9m identificou a pol\u00edtica de Connecticut de fornecer servi\u00e7os do Medicaid a certos menores do pa\u00eds sem status legal como outra \u00e1rea onde os custos poderiam ser reduzidos. O governador Lamont assinou uma expans\u00e3o desse programa no ano passado.<\/p>\n<p>\u201cQuanto ele est\u00e1 disposto a gastar de d\u00f3lares em impostos estaduais para fornecer um tapete vermelho, plano de sa\u00fade Cadillac para imigrantes ilegais?&#8221; Candelora disse.<\/p>\n<p>\u00c0 medida que os legisladores, os advogados e o p\u00fablico aguardam sinais adicionais de Washington sobre o futuro do financiamento do Medicaid, o governador Lamont reiterou a realidade que os legisladores de ambos os lados do corredor reconheceram: quaisquer mudan\u00e7as significativas de gastos que emanam de Washington poderiam impactar o or\u00e7amento de dois anos atualmente negociado em Hartford. <\/p>\n<p>Falando com o News 8 em um evento separado na ter\u00e7a -feira de manh\u00e3, Lamont descreveu a situa\u00e7\u00e3o como uma &#8220;bola de salto&#8221; que pode exigir que o legislador volte \u00e0 sess\u00e3o ainda este ano para reavaliar.<\/p>\n<p><br \/>\n<br \/><a href=\"https:\/\/www.wtnh.com\/news\/connecticut\/hartford\/democrats-rally-at-state-capitol-to-protest-possible-medicaid-cus\/\">Source link <\/a><\/p>","protected":false},"excerpt":{"rendered":"<p>HARTFORD, Connecticut (WTNH) &#8211; O governador Ned Lamont juntou -se aos principais democratas do estado para uma manifesta\u00e7\u00e3o no alerta do Capit\u00f3lio do Estado contra poss\u00edveis cortes no financiamento do&hellip;<\/p>","protected":false},"author":1,"featured_media":112107,"comment_status":"closed","ping_status":"open","sticky":false,"template":"","format":"standard","meta":{"content-type":"","footnotes":""},"categories":[1],"tags":[],"class_list":["post-112106","post","type-post","status-publish","format-standard","has-post-thumbnail","hentry","category-uncategorized"],"_links":{"self":[{"href":"https:\/\/tvbrazilusa.com\/pt\/wp-json\/wp\/v2\/posts\/112106","targetHints":{"allow":["GET"]}}],"collection":[{"href":"https:\/\/tvbrazilusa.com\/pt\/wp-json\/wp\/v2\/posts"}],"about":[{"href":"https:\/\/tvbrazilusa.com\/pt\/wp-json\/wp\/v2\/types\/post"}],"author":[{"embeddable":true,"href":"https:\/\/tvbrazilusa.com\/pt\/wp-json\/wp\/v2\/users\/1"}],"replies":[{"embeddable":true,"href":"https:\/\/tvbrazilusa.com\/pt\/wp-json\/wp\/v2\/comments?post=112106"}],"version-history":[{"count":1,"href":"https:\/\/tvbrazilusa.com\/pt\/wp-json\/wp\/v2\/posts\/112106\/revisions"}],"predecessor-version":[{"id":112108,"href":"https:\/\/tvbrazilusa.com\/pt\/wp-json\/wp\/v2\/posts\/112106\/revisions\/112108"}],"wp:featuredmedia":[{"embeddable":true,"href":"https:\/\/tvbrazilusa.com\/pt\/wp-json\/wp\/v2\/media\/112107"}],"wp:attachment":[{"href":"https:\/\/tvbrazilusa.com\/pt\/wp-json\/wp\/v2\/media?parent=112106"}],"wp:term":[{"taxonomy":"category","embeddable":true,"href":"https:\/\/tvbrazilusa.com\/pt\/wp-json\/wp\/v2\/categories?post=112106"},{"taxonomy":"post_tag","embeddable":true,"href":"https:\/\/tvbrazilusa.com\/pt\/wp-json\/wp\/v2\/tags?post=112106"}],"curies":[{"name":"wp","href":"https:\/\/api.w.org\/{rel}","templated":true}]}}