{"id":112111,"date":"2025-03-18T23:02:34","date_gmt":"2025-03-18T23:02:34","guid":{"rendered":"https:\/\/tvbrazilusa.com\/2025\/03\/18\/urgente-aviao-presidencial-com-lula-dentro-arremete-em-sp-veja-video\/"},"modified":"2025-03-18T23:02:35","modified_gmt":"2025-03-18T23:02:35","slug":"urgente-aviao-presidencial-com-lula-dentro-arremete-em-sp-veja-video","status":"publish","type":"post","link":"https:\/\/tvbrazilusa.com\/pt\/2025\/03\/18\/urgente-aviao-presidencial-com-lula-dentro-arremete-em-sp-veja-video\/","title":{"rendered":"URGENTE: Avi\u00e3o presidencial com lula dentro arremete em SP; VEJA V\u00cdDEO"},"content":{"rendered":"<p> <script async src=\"https:\/\/pagead2.googlesyndication.com\/pagead\/js\/adsbygoogle.js?client=ca-pub-8864793242727901\"\r\n     crossorigin=\"anonymous\"><\/script><br \/>\n<\/p>\n<div id=\"taboola-read-more\" style=\"display:block; width:100%\">\n<p>O avi\u00e3o da Presid\u00eancia da Rep\u00fablica que transportava o presidente Luiz In\u00e1cio Lula da Silva (PT) arremeteu ao fazer sua primeira tentativa de pouso no Aeroporto Bertram Luiz Leupolz, em Sorocaba (SP), na tarde desta ter\u00e7a-feira (18).\n<\/p>\n<p>O avi\u00e3o da Presid\u00eancia arremeteu por volta das 15h20, hor\u00e1rio em que havia fortes ventos na regi\u00e3o do aeroporto. At\u00e9 o momento, no entanto, ainda n\u00e3o foi informado o que levou a aeronave a realizar o procedimento.<\/p>\n<p>O pouso bem-sucedido do avi\u00e3o presidencial ocorreu cerca de 10 minutos depois, por volta das 15h30.\n<\/p>\n<p>Trata-se de uma manobra por meio da qual o avi\u00e3o interrompe sua aproxima\u00e7\u00e3o quando est\u00e1 prestes a pousar. Tecnicamente, a arremetida \u00e9 chamada de \u201cprocedimento de aproxima\u00e7\u00e3o perdida\u201d.\n<\/p>\n<p><strong>ASSISTA:<\/strong>\n<\/p>\n<p>Fonte: Metr\u00f3poles              <\/p>\n<\/div>\n<p><br \/>\n<br \/><a href=\"https:\/\/diariodobrasilnoticias.com.br\/noticia\/urgente-aviao-presidencial-com-lula-dentro-arremete-em-sp-veja-video-67d9d3353dab4\">Source link <\/a><\/p>","protected":false},"excerpt":{"rendered":"<p>O avi\u00e3o da Presid\u00eancia da Rep\u00fablica que transportava o presidente Luiz In\u00e1cio Lula da Silva (PT) arremeteu ao fazer sua primeira tentativa de pouso no Aeroporto Bertram Luiz Leupolz, em&hellip;<\/p>","protected":false},"author":1,"featured_media":112112,"comment_status":"closed","ping_status":"open","sticky":false,"template":"","format":"standard","meta":{"content-type":"","footnotes":""},"categories":[16],"tags":[123,2448,5313,1267],"class_list":["post-112111","post","type-post","status-publish","format-standard","has-post-thumbnail","hentry","category-noticias","tag-brasil","tag-diario","tag-noticia","tag-noticias"],"_links":{"self":[{"href":"https:\/\/tvbrazilusa.com\/pt\/wp-json\/wp\/v2\/posts\/112111","targetHints":{"allow":["GET"]}}],"collection":[{"href":"https:\/\/tvbrazilusa.com\/pt\/wp-json\/wp\/v2\/posts"}],"about":[{"href":"https:\/\/tvbrazilusa.com\/pt\/wp-json\/wp\/v2\/types\/post"}],"author":[{"embeddable":true,"href":"https:\/\/tvbrazilusa.com\/pt\/wp-json\/wp\/v2\/users\/1"}],"replies":[{"embeddable":true,"href":"https:\/\/tvbrazilusa.com\/pt\/wp-json\/wp\/v2\/comments?post=112111"}],"version-history":[{"count":1,"href":"https:\/\/tvbrazilusa.com\/pt\/wp-json\/wp\/v2\/posts\/112111\/revisions"}],"predecessor-version":[{"id":112113,"href":"https:\/\/tvbrazilusa.com\/pt\/wp-json\/wp\/v2\/posts\/112111\/revisions\/112113"}],"wp:featuredmedia":[{"embeddable":true,"href":"https:\/\/tvbrazilusa.com\/pt\/wp-json\/wp\/v2\/media\/112112"}],"wp:attachment":[{"href":"https:\/\/tvbrazilusa.com\/pt\/wp-json\/wp\/v2\/media?parent=112111"}],"wp:term":[{"taxonomy":"category","embeddable":true,"href":"https:\/\/tvbrazilusa.com\/pt\/wp-json\/wp\/v2\/categories?post=112111"},{"taxonomy":"post_tag","embeddable":true,"href":"https:\/\/tvbrazilusa.com\/pt\/wp-json\/wp\/v2\/tags?post=112111"}],"curies":[{"name":"wp","href":"https:\/\/api.w.org\/{rel}","templated":true}]}}