{"id":112116,"date":"2025-03-18T23:20:10","date_gmt":"2025-03-18T23:20:10","guid":{"rendered":"https:\/\/tvbrazilusa.com\/2025\/03\/18\/urgente-apos-eduardo-bolsonaro-se-afastar-do-cargo-para-permanecer-nos-eua-a-pgr-se-manifesta-contra-a-investigacao-sobre-ele\/"},"modified":"2025-03-18T23:20:11","modified_gmt":"2025-03-18T23:20:11","slug":"urgente-apos-eduardo-bolsonaro-se-afastar-do-cargo-para-permanecer-nos-eua-a-pgr-se-manifesta-contra-a-investigacao-sobre-ele","status":"publish","type":"post","link":"https:\/\/tvbrazilusa.com\/pt\/2025\/03\/18\/urgente-apos-eduardo-bolsonaro-se-afastar-do-cargo-para-permanecer-nos-eua-a-pgr-se-manifesta-contra-a-investigacao-sobre-ele\/","title":{"rendered":"URGENTE: Ap\u00f3s Eduardo Bolsonaro se afastar do cargo para permanecer nos EUA, a PGR se manifesta contra a investiga\u00e7\u00e3o sobre ele"},"content":{"rendered":"<p> <script async src=\"https:\/\/pagead2.googlesyndication.com\/pagead\/js\/adsbygoogle.js?client=ca-pub-8864793242727901\"\r\n     crossorigin=\"anonymous\"><\/script><br \/>\n<\/p>\n<div id=\"taboola-read-more\" style=\"display:block; width:100%\">\n<p>O procurador-geral da Rep\u00fablica, Paulo Gonet, se manifestou contra a abertura de uma investiga\u00e7\u00e3o sobre Eduardo Bolsonaro (PL), que mais cedo anunciou que pedir\u00e1 licen\u00e7a tempor\u00e1ria do cargo de deputado federal.\n<\/p>\n<p>Para Gonet, as condutas descritas em manifesta\u00e7\u00e3o do PT contra Eduardo \u201cn\u00e3o encontram tipifica\u00e7\u00e3o legal\u201d para justificar apura\u00e7\u00e3o.<\/p>\n<p>\u201cNesse contexto, ausentes evid\u00eancias de ilegalidades atribu\u00edveis ao parlamentar representado, n\u00e3o h\u00e1 justa causa para autorizar a abertura de investiga\u00e7\u00e3o. N\u00e3o se nota mat\u00e9ria delitiva nos atos narrados pelos noticiantes\u201d.\n<\/p>\n<p>O procurador, ent\u00e3o, se manifestou \u201cpelo indeferimento dos pleitos e pelo arquivamento da peti\u00e7\u00e3o em refer\u00eancia\u201d.\n<\/p>\n<p>Eduardo est\u00e1 nos Estados Unidos e durante esse tempo o l\u00edder do PT na C\u00e2mara, Lindbergh Farias, apresentou queixa-crime contra o filho do ex-presidente Jair Bolsonaro (PL).\n<\/p>\n<p>Lindbergh acusa Eduardo de conspira\u00e7\u00e3o contra o governo brasileiro com parlamentares norte-americanos e solicitou a apreens\u00e3o do passaporte do deputado.\n<\/p>\n<p>No entanto, para Gonet, n\u00e3o h\u00e1 ind\u00edcios de \u201cconsuma\u00e7\u00e3o\u201d da conspira\u00e7\u00e3o. \u201cPara a sua consuma\u00e7\u00e3o, a negocia\u00e7\u00e3o com governo ou grupo estrangeiro, ou seus agentes, com o fim de provocar atos t\u00edpicos de guerra contra o Pa\u00eds ou invadi-lo, circunst\u00e2ncias ausentes no caso dos autos\u201d.\n<\/p>\n<p>Licenciamento<br \/>Pelas redes sociais, Eduardo disse que ficar\u00e1 nos Estados Unidos e abrir\u00e1 m\u00e3o do mandato. Ele est\u00e1 no pa\u00eds desde a posse de Donald Trump, em janeiro.\n<\/p>\n<p>O filho de Bolsonaro falou que buscar\u00e1 \u201cas devidas san\u00e7\u00f5es aos violadores de direitos humanos\u201d.\n<\/p>\n<p>Eduardo disparou contra o Supremo Tribunal Federal (STF): \u201cSe Alexandre de Moraes quer apreender o meu passaporte, ou mesmo me prender para que eu n\u00e3o possa mais denunciar os seus crimes nos Estados Unidos, ent\u00e3o \u00e9 justamente aqui que eu vou ficar e trabalhar mais do que nunca\u201d.\n<\/p>\n<p>Fonte: CNN Brasil              <\/p>\n<\/div>\n<p><br \/>\n<br \/><a href=\"https:\/\/diariodobrasilnoticias.com.br\/noticia\/urgente-apos-eduardo-bolsonaro-se-afastar-do-cargo-para-permanecer-nos-eua-a-pgr-se-manifesta-contra-a-investigacao-sobre-ele-67d9d7850c98f\">Source link <\/a><\/p>","protected":false},"excerpt":{"rendered":"<p>O procurador-geral da Rep\u00fablica, Paulo Gonet, se manifestou contra a abertura de uma investiga\u00e7\u00e3o sobre Eduardo Bolsonaro (PL), que mais cedo anunciou que pedir\u00e1 licen\u00e7a tempor\u00e1ria do cargo de deputado&hellip;<\/p>","protected":false},"author":1,"featured_media":112117,"comment_status":"closed","ping_status":"open","sticky":false,"template":"","format":"standard","meta":{"content-type":"","footnotes":""},"categories":[16],"tags":[123,2448,5313,1267],"class_list":["post-112116","post","type-post","status-publish","format-standard","has-post-thumbnail","hentry","category-noticias","tag-brasil","tag-diario","tag-noticia","tag-noticias"],"_links":{"self":[{"href":"https:\/\/tvbrazilusa.com\/pt\/wp-json\/wp\/v2\/posts\/112116","targetHints":{"allow":["GET"]}}],"collection":[{"href":"https:\/\/tvbrazilusa.com\/pt\/wp-json\/wp\/v2\/posts"}],"about":[{"href":"https:\/\/tvbrazilusa.com\/pt\/wp-json\/wp\/v2\/types\/post"}],"author":[{"embeddable":true,"href":"https:\/\/tvbrazilusa.com\/pt\/wp-json\/wp\/v2\/users\/1"}],"replies":[{"embeddable":true,"href":"https:\/\/tvbrazilusa.com\/pt\/wp-json\/wp\/v2\/comments?post=112116"}],"version-history":[{"count":1,"href":"https:\/\/tvbrazilusa.com\/pt\/wp-json\/wp\/v2\/posts\/112116\/revisions"}],"predecessor-version":[{"id":112118,"href":"https:\/\/tvbrazilusa.com\/pt\/wp-json\/wp\/v2\/posts\/112116\/revisions\/112118"}],"wp:featuredmedia":[{"embeddable":true,"href":"https:\/\/tvbrazilusa.com\/pt\/wp-json\/wp\/v2\/media\/112117"}],"wp:attachment":[{"href":"https:\/\/tvbrazilusa.com\/pt\/wp-json\/wp\/v2\/media?parent=112116"}],"wp:term":[{"taxonomy":"category","embeddable":true,"href":"https:\/\/tvbrazilusa.com\/pt\/wp-json\/wp\/v2\/categories?post=112116"},{"taxonomy":"post_tag","embeddable":true,"href":"https:\/\/tvbrazilusa.com\/pt\/wp-json\/wp\/v2\/tags?post=112116"}],"curies":[{"name":"wp","href":"https:\/\/api.w.org\/{rel}","templated":true}]}}