{"id":112121,"date":"2025-03-18T23:34:25","date_gmt":"2025-03-18T23:34:25","guid":{"rendered":"https:\/\/tvbrazilusa.com\/2025\/03\/18\/familia-de-jogador-do-bragantino-suspende-boletins-medicos\/"},"modified":"2025-03-18T23:34:27","modified_gmt":"2025-03-18T23:34:27","slug":"familia-de-jogador-do-bragantino-suspende-boletins-medicos","status":"publish","type":"post","link":"https:\/\/tvbrazilusa.com\/pt\/2025\/03\/18\/familia-de-jogador-do-bragantino-suspende-boletins-medicos\/","title":{"rendered":"Fam\u00edlia de jogador do Bragantino suspende boletins m\u00e9dicos"},"content":{"rendered":"<p> <script async src=\"https:\/\/pagead2.googlesyndication.com\/pagead\/js\/adsbygoogle.js?client=ca-pub-8864793242727901\"\r\n     crossorigin=\"anonymous\"><\/script><br \/>\n<\/p>\n<div id=\"taboola-read-more\" style=\"display:block; width:100%\">\n<p>A fam\u00edlia de Pedro Severino, jogador do Red Bull Bragantino internado ap\u00f3s acidente de carro na Rodovia Anhanguera, S\u00e3o Paulo, comunicou a decis\u00e3o de suspender temporariamente a divulga\u00e7\u00e3o de boletins m\u00e9dicos sobre a sa\u00fade do atleta.\n<\/p>\n<p>Segundo os familiares, a falta de avan\u00e7os no quadro de sa\u00fade do rapaz tem gerado ansiedade e ang\u00fastia nas pessoas que acompanham as not\u00edcias e torcem por sua recupera\u00e7\u00e3o. Eles prometeram, por\u00e9m, informar, caso Pedro apresente melhora.<\/p>\n<p>Como \u00e9 de conhecimento de todos, o caso \u00e9 grave, e n\u00e3o tendo tantas evolu\u00e7\u00f5es di\u00e1rias, isso s\u00f3 trazia ansiedade e ang\u00fastia para todos, ap\u00f3s uma rea\u00e7\u00e3o relatada num dos boletins. Mas \u00f3bvio, assim que tivermos boas novidades, que temos certeza que acontecer\u00e1, um novo boletim ser\u00e1 divulgado! \u2013 diz a nota.\n<\/p>\n<p>Os parentes de Pedro ainda expressaram profunda gratid\u00e3o pelo apoio, por todas as correntes de ora\u00e7\u00f5es e carinho que eles t\u00eam recebido.\n<\/p>\n<p>\u2013 N\u00f3s temos a convic\u00e7\u00e3o de que o Pedro s\u00f3 est\u00e1 reagindo dessa maneira porque tantas pessoas (inclusive que n\u00e3o conhecemos) est\u00e3o orando em conjunto e acreditando neste milagre! Sim, ele j\u00e1 \u00e9 um milagre! \u2013 acrescenta o texto.\n<\/p>\n<p>No boletim m\u00e9dico da \u00faltima sexta-feira (14), o Hospital da Unimed detalhou que o jogador segue em estado grave, mas est\u00e1vel, e se encontra em processo de retirada da ventila\u00e7\u00e3o mec\u00e2nica.\n<\/p>\n<p>Pedro e seu amigo, Pedro Castro, sofreram um acidente no \u00faltimo dia 4 de mar\u00e7o, durante uma viagem com o motorista particular Aguinaldo Romero Lago, de 57 anos. Em depoimento, Aguinaldo afirma ter dormido ao volante e colidido contra a traseira do caminh\u00e3o. Pedro Severino estava no banco do passageiro e teve traumatismo craniano. Castro, que estava no banco de tr\u00e1s, sofreu ferimentos leves.\n<\/p>\n<p>Fonte: Pleno News              <\/p>\n<\/div>\n<p><br \/>\n<br \/><a href=\"https:\/\/diariodobrasilnoticias.com.br\/noticia\/familia-de-jogador-do-bragantino-suspende-boletins-medicos-67d9e7557c226\">Source link <\/a><\/p>","protected":false},"excerpt":{"rendered":"<p>A fam\u00edlia de Pedro Severino, jogador do Red Bull Bragantino internado ap\u00f3s acidente de carro na Rodovia Anhanguera, S\u00e3o Paulo, comunicou a decis\u00e3o de suspender temporariamente a divulga\u00e7\u00e3o de boletins&hellip;<\/p>","protected":false},"author":1,"featured_media":112122,"comment_status":"closed","ping_status":"open","sticky":false,"template":"","format":"standard","meta":{"content-type":"","footnotes":""},"categories":[16],"tags":[123,2448,5313,1267],"class_list":["post-112121","post","type-post","status-publish","format-standard","has-post-thumbnail","hentry","category-noticias","tag-brasil","tag-diario","tag-noticia","tag-noticias"],"_links":{"self":[{"href":"https:\/\/tvbrazilusa.com\/pt\/wp-json\/wp\/v2\/posts\/112121","targetHints":{"allow":["GET"]}}],"collection":[{"href":"https:\/\/tvbrazilusa.com\/pt\/wp-json\/wp\/v2\/posts"}],"about":[{"href":"https:\/\/tvbrazilusa.com\/pt\/wp-json\/wp\/v2\/types\/post"}],"author":[{"embeddable":true,"href":"https:\/\/tvbrazilusa.com\/pt\/wp-json\/wp\/v2\/users\/1"}],"replies":[{"embeddable":true,"href":"https:\/\/tvbrazilusa.com\/pt\/wp-json\/wp\/v2\/comments?post=112121"}],"version-history":[{"count":1,"href":"https:\/\/tvbrazilusa.com\/pt\/wp-json\/wp\/v2\/posts\/112121\/revisions"}],"predecessor-version":[{"id":112123,"href":"https:\/\/tvbrazilusa.com\/pt\/wp-json\/wp\/v2\/posts\/112121\/revisions\/112123"}],"wp:featuredmedia":[{"embeddable":true,"href":"https:\/\/tvbrazilusa.com\/pt\/wp-json\/wp\/v2\/media\/112122"}],"wp:attachment":[{"href":"https:\/\/tvbrazilusa.com\/pt\/wp-json\/wp\/v2\/media?parent=112121"}],"wp:term":[{"taxonomy":"category","embeddable":true,"href":"https:\/\/tvbrazilusa.com\/pt\/wp-json\/wp\/v2\/categories?post=112121"},{"taxonomy":"post_tag","embeddable":true,"href":"https:\/\/tvbrazilusa.com\/pt\/wp-json\/wp\/v2\/tags?post=112121"}],"curies":[{"name":"wp","href":"https:\/\/api.w.org\/{rel}","templated":true}]}}