{"id":112126,"date":"2025-03-18T23:46:56","date_gmt":"2025-03-18T23:46:56","guid":{"rendered":"https:\/\/tvbrazilusa.com\/2025\/03\/18\/mais-um-deputado-do-pl-e-condenado-pela-justica\/"},"modified":"2025-03-18T23:46:57","modified_gmt":"2025-03-18T23:46:57","slug":"mais-um-deputado-do-pl-e-condenado-pela-justica","status":"publish","type":"post","link":"https:\/\/tvbrazilusa.com\/pt\/2025\/03\/18\/mais-um-deputado-do-pl-e-condenado-pela-justica\/","title":{"rendered":"Mais um deputado do PL \u00e9 condenado pela justi\u00e7a"},"content":{"rendered":"<p> <script async src=\"https:\/\/pagead2.googlesyndication.com\/pagead\/js\/adsbygoogle.js?client=ca-pub-8864793242727901\"\r\n     crossorigin=\"anonymous\"><\/script><br \/>\n<\/p>\n<div id=\"taboola-read-more\" style=\"display:block; width:100%\">\n<p>A Justi\u00e7a Eleitoral condenou recentemente o deputado federal Gilvan Aguiar da Costa (PL-ES), o Gilvan da Federal, a um ano e quatro meses de reclus\u00e3o em regime aberto por agress\u00e3o verbal e xingamentos contra a parlamentar Camila Valad\u00e3o (PSOL-ES) durante uma sess\u00e3o na C\u00e2mara de Vit\u00f3ria, em 2021. \u00c0 \u00e9poca, ambos eram vereadores da capital do Esp\u00edrito Santo.\n<\/p>\n<p>Na ocasi\u00e3o, Gilvan mandou Valad\u00e3o calar a boca e ainda a chamou de \u201csatanista\u201d, \u201cassassina de beb\u00ea\u201d e \u201cassassina de crian\u00e7a\u201d, o que, segundo o juiz Leonardo Alvarenga da Fonseca, constrangeu e intimidou a parlamentar.<\/p>\n<p>O magistrado considerou, na decis\u00e3o, que ao mandar a ent\u00e3o vereadora \u201ccalar a boca\u201d, o deputado do PL extrapolou os limites da imunidade parlamentar, usando sua posi\u00e7\u00e3o para tentar restringir a participa\u00e7\u00e3o de uma mulher no espa\u00e7o pol\u00edtico, o que se enquadra no crime de viol\u00eancia pol\u00edtica contra a mulher, previsto no C\u00f3digo Eleitoral.\n<\/p>\n<p>\u201cA prova coletada e examinada autoriza a conclus\u00e3o de que o r\u00e9u agiu contra a v\u00edtima aproveitando-se da sua condi\u00e7\u00e3o de mulher, para aterrar, intimidar, subjugar e embara\u00e7ar a v\u00edtima, interferindo no exerc\u00edcio pleno do seu mandato, o que atende ao conte\u00fado do tipo objetivo e ao dolo espec\u00edfico previstos no tipo penal\u201d, diz trecho da senten\u00e7a.\n<\/p>\n<p>Fonte: Veja              <\/p>\n<\/div>\n<p><br \/>\n<br \/><a href=\"https:\/\/diariodobrasilnoticias.com.br\/noticia\/mais-um-deputado-do-pl-e-condenado-pela-justica-67d9e9a55d428\">Source link <\/a><\/p>","protected":false},"excerpt":{"rendered":"<p>A Justi\u00e7a Eleitoral condenou recentemente o deputado federal Gilvan Aguiar da Costa (PL-ES), o Gilvan da Federal, a um ano e quatro meses de reclus\u00e3o em regime aberto por agress\u00e3o&hellip;<\/p>","protected":false},"author":1,"featured_media":112127,"comment_status":"closed","ping_status":"open","sticky":false,"template":"","format":"standard","meta":{"content-type":"","footnotes":""},"categories":[16],"tags":[123,2448,5313,1267],"class_list":["post-112126","post","type-post","status-publish","format-standard","has-post-thumbnail","hentry","category-noticias","tag-brasil","tag-diario","tag-noticia","tag-noticias"],"_links":{"self":[{"href":"https:\/\/tvbrazilusa.com\/pt\/wp-json\/wp\/v2\/posts\/112126","targetHints":{"allow":["GET"]}}],"collection":[{"href":"https:\/\/tvbrazilusa.com\/pt\/wp-json\/wp\/v2\/posts"}],"about":[{"href":"https:\/\/tvbrazilusa.com\/pt\/wp-json\/wp\/v2\/types\/post"}],"author":[{"embeddable":true,"href":"https:\/\/tvbrazilusa.com\/pt\/wp-json\/wp\/v2\/users\/1"}],"replies":[{"embeddable":true,"href":"https:\/\/tvbrazilusa.com\/pt\/wp-json\/wp\/v2\/comments?post=112126"}],"version-history":[{"count":1,"href":"https:\/\/tvbrazilusa.com\/pt\/wp-json\/wp\/v2\/posts\/112126\/revisions"}],"predecessor-version":[{"id":112128,"href":"https:\/\/tvbrazilusa.com\/pt\/wp-json\/wp\/v2\/posts\/112126\/revisions\/112128"}],"wp:featuredmedia":[{"embeddable":true,"href":"https:\/\/tvbrazilusa.com\/pt\/wp-json\/wp\/v2\/media\/112127"}],"wp:attachment":[{"href":"https:\/\/tvbrazilusa.com\/pt\/wp-json\/wp\/v2\/media?parent=112126"}],"wp:term":[{"taxonomy":"category","embeddable":true,"href":"https:\/\/tvbrazilusa.com\/pt\/wp-json\/wp\/v2\/categories?post=112126"},{"taxonomy":"post_tag","embeddable":true,"href":"https:\/\/tvbrazilusa.com\/pt\/wp-json\/wp\/v2\/tags?post=112126"}],"curies":[{"name":"wp","href":"https:\/\/api.w.org\/{rel}","templated":true}]}}