{"id":112131,"date":"2025-03-18T23:59:32","date_gmt":"2025-03-18T23:59:32","guid":{"rendered":"https:\/\/tvbrazilusa.com\/2025\/03\/18\/tarcisio-se-solidariza-com-eduardo-bolsonaro-conte-com-meu-apoio\/"},"modified":"2025-03-18T23:59:33","modified_gmt":"2025-03-18T23:59:33","slug":"tarcisio-se-solidariza-com-eduardo-bolsonaro-conte-com-meu-apoio","status":"publish","type":"post","link":"https:\/\/tvbrazilusa.com\/pt\/2025\/03\/18\/tarcisio-se-solidariza-com-eduardo-bolsonaro-conte-com-meu-apoio\/","title":{"rendered":"Tarc\u00edsio se solidariza com Eduardo Bolsonaro: &#8216;Conte com meu apoio&#8217;"},"content":{"rendered":"<p> <script async src=\"https:\/\/pagead2.googlesyndication.com\/pagead\/js\/adsbygoogle.js?client=ca-pub-8864793242727901\"\r\n     crossorigin=\"anonymous\"><\/script><br \/>\n<\/p>\n<div id=\"taboola-read-more\" style=\"display:block; width:100%\">\n<p>O governador de S\u00e3o Paulo, Tarc\u00edsio de Freitas (Republicanos), manifestou apoio ao deputado federal Eduardo Bolsonaro (PL) ap\u00f3s o parlamentar afirmar que vai ficar nos Estados Unidos, se licenciar do cargo na C\u00e2mara Federal, e defender san\u00e7\u00f5es contra o ministro do Supremo Tribunal Federal (STF) Alexandre de Moraes.\n<\/p>\n<p>\u201cFor\u00e7a, @BolsonaroSP! Conte sempre com meu apoio\u201d, afirmou o governador, em suas redes sociais, em uma publica\u00e7\u00e3o acompanhada de uma foto ao lado do deputado.<\/p>\n<p>Eduardo alegou sofrer amea\u00e7as do ministro do Supremo como justificativa para deixar o pa\u00eds. Ele disse que ficar\u00e1 nos Estados Unidos para \u201cfocar em buscar as justas puni\u00e7\u00f5es que Alexandre de Moraes e a sua gestapo da Pol\u00edcia Federal\u201d. Tamb\u00e9m admitiu ter medo de uma poss\u00edvel pris\u00e3o.\n<\/p>\n<p>Eduardo Bolsonaro ainda mencionou a a\u00e7\u00e3o do PT que pedia a apreens\u00e3o do passaporte dele. Moraes \u00e9 relator do pedido. Nesta ter\u00e7a-feira (18\/3), o procurador-geral da Rep\u00fablica, Paulo Gonet, se manifestou pelo arquivamento da a\u00e7\u00e3o.\n<\/p>\n<p>\u201cEle n\u00e3o tem o m\u00ednimo pudor, a dec\u00eancia, a moralidade, para se dizer impedido em um caso desse. Ele pega de prop\u00f3sito, e puxa, evoca para si a compet\u00eancia, para tentar acabar comigo\u201d, disse o filho do ex-presidente.\n<\/p>\n<p>O deputado chegou a dizer a parlamentares que voltaria ao Brasil ap\u00f3s uma temporada de 20 dias nos Estados Unidos. Ele pretendia, inclusive, comandar a Comiss\u00e3o de Rela\u00e7\u00f5es Exteriores da C\u00e2mara.\n<\/p>\n<p>Por lei, ele pode passar quatro meses, no m\u00e1ximo, em licen\u00e7a. Caso contr\u00e1rio, perder\u00e1 o mandato.\n<\/p>\n<p>Fonte: Metr\u00f3poles              <\/p>\n<\/div>\n<p><br \/>\n<br \/><a href=\"https:\/\/diariodobrasilnoticias.com.br\/noticia\/tarcisio-se-solidariza-com-eduardo-bolsonaro-conte-com-meu-apoio-67d9e7c8e9b05\">Source link <\/a><\/p>","protected":false},"excerpt":{"rendered":"<p>O governador de S\u00e3o Paulo, Tarc\u00edsio de Freitas (Republicanos), manifestou apoio ao deputado federal Eduardo Bolsonaro (PL) ap\u00f3s o parlamentar afirmar que vai ficar nos Estados Unidos, se licenciar do&hellip;<\/p>","protected":false},"author":1,"featured_media":112132,"comment_status":"closed","ping_status":"open","sticky":false,"template":"","format":"standard","meta":{"content-type":"","footnotes":""},"categories":[16],"tags":[123,2448,5313,1267],"class_list":["post-112131","post","type-post","status-publish","format-standard","has-post-thumbnail","hentry","category-noticias","tag-brasil","tag-diario","tag-noticia","tag-noticias"],"_links":{"self":[{"href":"https:\/\/tvbrazilusa.com\/pt\/wp-json\/wp\/v2\/posts\/112131","targetHints":{"allow":["GET"]}}],"collection":[{"href":"https:\/\/tvbrazilusa.com\/pt\/wp-json\/wp\/v2\/posts"}],"about":[{"href":"https:\/\/tvbrazilusa.com\/pt\/wp-json\/wp\/v2\/types\/post"}],"author":[{"embeddable":true,"href":"https:\/\/tvbrazilusa.com\/pt\/wp-json\/wp\/v2\/users\/1"}],"replies":[{"embeddable":true,"href":"https:\/\/tvbrazilusa.com\/pt\/wp-json\/wp\/v2\/comments?post=112131"}],"version-history":[{"count":1,"href":"https:\/\/tvbrazilusa.com\/pt\/wp-json\/wp\/v2\/posts\/112131\/revisions"}],"predecessor-version":[{"id":112133,"href":"https:\/\/tvbrazilusa.com\/pt\/wp-json\/wp\/v2\/posts\/112131\/revisions\/112133"}],"wp:featuredmedia":[{"embeddable":true,"href":"https:\/\/tvbrazilusa.com\/pt\/wp-json\/wp\/v2\/media\/112132"}],"wp:attachment":[{"href":"https:\/\/tvbrazilusa.com\/pt\/wp-json\/wp\/v2\/media?parent=112131"}],"wp:term":[{"taxonomy":"category","embeddable":true,"href":"https:\/\/tvbrazilusa.com\/pt\/wp-json\/wp\/v2\/categories?post=112131"},{"taxonomy":"post_tag","embeddable":true,"href":"https:\/\/tvbrazilusa.com\/pt\/wp-json\/wp\/v2\/tags?post=112131"}],"curies":[{"name":"wp","href":"https:\/\/api.w.org\/{rel}","templated":true}]}}