{"id":11214,"date":"2024-07-29T12:31:12","date_gmt":"2024-07-29T12:31:12","guid":{"rendered":"https:\/\/tvbrazilusa.com\/2024\/07\/29\/o-centro-de-pesquisa-de-porto-rico-da-ucf-divulgara-os-resultados-da-pesquisa-sobre-porto-riquenhos-na-florida\/"},"modified":"2024-07-29T12:40:02","modified_gmt":"2024-07-29T12:40:02","slug":"o-centro-de-pesquisa-de-porto-rico-da-ucf-divulgara-os-resultados-da-pesquisa-sobre-porto-riquenhos-na-florida","status":"publish","type":"post","link":"https:\/\/tvbrazilusa.com\/pt\/2024\/07\/29\/o-centro-de-pesquisa-de-porto-rico-da-ucf-divulgara-os-resultados-da-pesquisa-sobre-porto-riquenhos-na-florida\/","title":{"rendered":"O Centro de Pesquisa de Porto Rico da UCF divulgar\u00e1 os resultados da pesquisa sobre porto-riquenhos na Fl\u00f3rida"},"content":{"rendered":"<script async src=\"https:\/\/pagead2.googlesyndication.com\/pagead\/js\/adsbygoogle.js?client=ca-pub-8864793242727901\"\r\n     crossorigin=\"anonymous\"><\/script>\n<div id=\"\">\n<p class=\"dist__Box-sc-1fnzlkn-0 dist__TextBase-sc-1fnzlkn-3 CGHCP htMUPQ article-text\"><strong>ORLANDO, Fl\u00f3rida.<\/strong> \u2013 O Puerto Rico Research Hub da Universidade da Fl\u00f3rida Central divulgar\u00e1 na segunda-feira os resultados de uma pesquisa com porto-riquenhos na Fl\u00f3rida.<\/p>\n<p class=\"dist__Box-sc-1fnzlkn-0 dist__TextBase-sc-1fnzlkn-3 CGHCP htMUPQ article-text\">Os resultados da pesquisa ser\u00e3o compartilhados no evento das 10h.<\/p>\n<p class=\"dist__Box-sc-1fnzlkn-0 dist__TextBase-sc-1fnzlkn-3 CGHCP htMUPQ article-text\">\u201cEstamos animados para compartilhar os resultados da nossa pesquisa e discutir suas implica\u00e7\u00f5es para a comunidade porto-riquenha na Fl\u00f3rida\u201d, disse Sara Belligoni, pesquisadora de p\u00f3s-doutorado no Puerto Rico Research Hub, em um comunicado. \u201cEste evento \u00e9 uma oportunidade para nos envolvermos com a comunidade, garantindo que nossa pesquisa contribua para discuss\u00f5es e esfor\u00e7os pol\u00edticos significativos, ao mesmo tempo em que defendemos as necessidades da popula\u00e7\u00e3o porto-riquenha em nossa comunidade.\u201d<\/p>\n<p class=\"dist__Box-sc-1fnzlkn-0 dist__TextBase-sc-1fnzlkn-3 CGHCP htMUPQ article-text\">O PRRH, o UCF Global e o Escrit\u00f3rio de Perspectivas Globais da UCF discutir\u00e3o os principais resultados da pesquisa.<\/p>\n<p class=\"dist__Box-sc-1fnzlkn-0 dist__TextBase-sc-1fnzlkn-3 CGHCP htMUPQ article-text\">De acordo com um comunicado, o PRRH \u00e9 \u201co centro de atividades dedicado ao estudo dos porto-riquenhos na UCF\u201d.<\/p>\n<p class=\"dist__Box-sc-1fnzlkn-0 dist__TextBase-sc-1fnzlkn-3 CGHCP htMUPQ article-text\">Verifique novamente para atualiza\u00e7\u00f5es.<\/p>\n<hr class=\"dist__Box-sc-1fnzlkn-0 dist__BaseDivider-sc-1fnzlkn-8 NJMqq\"\/>\n<p class=\"dist__Box-sc-1fnzlkn-0 dist__TextBase-sc-1fnzlkn-3 CGHCP htMUPQ article-text\"><b>Receba as manchetes de hoje em minutos com <\/b><a href=\"https:\/\/podcasts.apple.com\/us\/podcast\/your-florida-daily\/id1632084191\"><b>Seu di\u00e1rio da Fl\u00f3rida<\/b><\/a><b>:<\/b><\/p>\n<\/div>\n<p>Copyright 2024 por WKMG ClickOrlando &#8211; Todos os direitos reservados.<\/p>\n<p><br \/>\n<br \/><a href=\"https:\/\/www.clickorlando.com\/news\/local\/2024\/07\/29\/ucfs-puerto-rico-research-hub-to-release-findings-from-survey-on-puerto-ricans-in-florida\/\">Source link <\/a><\/p>","protected":false},"excerpt":{"rendered":"<p>ORLANDO, Fl\u00f3rida. \u2013 O Puerto Rico Research Hub da Universidade da Fl\u00f3rida Central divulgar\u00e1 na segunda-feira os resultados de uma pesquisa com porto-riquenhos na Fl\u00f3rida. Os resultados da pesquisa ser\u00e3o&hellip;<\/p>","protected":false},"author":1,"featured_media":11215,"comment_status":"closed","ping_status":"open","sticky":false,"template":"","format":"standard","meta":{"content-type":"","footnotes":""},"categories":[1],"tags":[1442,696,3946,3945],"class_list":["post-11214","post","type-post","status-publish","format-standard","has-post-thumbnail","hentry","category-uncategorized","tag-condado-de-orange","tag-orlando","tag-porto-rico","tag-ucf"],"_links":{"self":[{"href":"https:\/\/tvbrazilusa.com\/pt\/wp-json\/wp\/v2\/posts\/11214","targetHints":{"allow":["GET"]}}],"collection":[{"href":"https:\/\/tvbrazilusa.com\/pt\/wp-json\/wp\/v2\/posts"}],"about":[{"href":"https:\/\/tvbrazilusa.com\/pt\/wp-json\/wp\/v2\/types\/post"}],"author":[{"embeddable":true,"href":"https:\/\/tvbrazilusa.com\/pt\/wp-json\/wp\/v2\/users\/1"}],"replies":[{"embeddable":true,"href":"https:\/\/tvbrazilusa.com\/pt\/wp-json\/wp\/v2\/comments?post=11214"}],"version-history":[{"count":1,"href":"https:\/\/tvbrazilusa.com\/pt\/wp-json\/wp\/v2\/posts\/11214\/revisions"}],"predecessor-version":[{"id":11216,"href":"https:\/\/tvbrazilusa.com\/pt\/wp-json\/wp\/v2\/posts\/11214\/revisions\/11216"}],"wp:featuredmedia":[{"embeddable":true,"href":"https:\/\/tvbrazilusa.com\/pt\/wp-json\/wp\/v2\/media\/11215"}],"wp:attachment":[{"href":"https:\/\/tvbrazilusa.com\/pt\/wp-json\/wp\/v2\/media?parent=11214"}],"wp:term":[{"taxonomy":"category","embeddable":true,"href":"https:\/\/tvbrazilusa.com\/pt\/wp-json\/wp\/v2\/categories?post=11214"},{"taxonomy":"post_tag","embeddable":true,"href":"https:\/\/tvbrazilusa.com\/pt\/wp-json\/wp\/v2\/tags?post=11214"}],"curies":[{"name":"wp","href":"https:\/\/api.w.org\/{rel}","templated":true}]}}