{"id":112143,"date":"2025-03-19T00:58:19","date_gmt":"2025-03-19T00:58:19","guid":{"rendered":"https:\/\/tvbrazilusa.com\/2025\/03\/19\/privatizacao-da-sabesp-rende-premio-internacional-a-tarcisio\/"},"modified":"2025-03-19T00:58:20","modified_gmt":"2025-03-19T00:58:20","slug":"privatizacao-da-sabesp-rende-premio-internacional-a-tarcisio","status":"publish","type":"post","link":"https:\/\/tvbrazilusa.com\/pt\/2025\/03\/19\/privatizacao-da-sabesp-rende-premio-internacional-a-tarcisio\/","title":{"rendered":"Privatiza\u00e7\u00e3o da Sabesp rende pr\u00eamio internacional a Tarc\u00edsio"},"content":{"rendered":"<p> <script async src=\"https:\/\/pagead2.googlesyndication.com\/pagead\/js\/adsbygoogle.js?client=ca-pub-8864793242727901\"\r\n     crossorigin=\"anonymous\"><\/script><br \/>\n<\/p>\n<div id=\"taboola-read-more\" style=\"display:block; width:100%\">\n<p>O governador de S\u00e3o Paulo, Tarc\u00edsio de Freitas (Republicanos), recebeu, nesta segunda-feira, 17, um pr\u00eamio pelo processo de privatiza\u00e7\u00e3o da Companhia de Saneamento B\u00e1sico do Estado de S\u00e3o Paulo (Sabesp). A empresa foi reconhecida na categoria \u201cOferta de A\u00e7\u00f5es do Ano\u201d na Am\u00e9rica Latina, no IFR Awards, realizado pela International Financing Review, uma das publica\u00e7\u00f5es mais prestigiadas do setor financeiro global.\n<\/p>\n<p>A premia\u00e7\u00e3o, que ocorreu em Londres, reconhece o processo bem-sucedido da desestatiza\u00e7\u00e3o da Sabesp, finalizado em julho de 2024.<\/p>\n<p>Em publica\u00e7\u00e3o nas redes sociais, Tarc\u00edsio comemorou o pr\u00eamio. \u201cEstamos fazendo hist\u00f3ria, vendo pela primeira vez uma empresa devolvendo resultado para a sociedade na forma de tarifa mais baixa\u201d, disse o governador.\n<\/p>\n<p>Al\u00e9m de Tarc\u00edsio, estiveram presentes o presidente da Sabesp, Carlos Piani; a secret\u00e1ria de Meio Ambiente, Infraestrutura e Log\u00edstica do Estado, Nat\u00e1lia Resende; e o secret\u00e1rio de Parcerias em Investimentos, Rafael Benini.\n<\/p>\n<p>No come\u00e7o do ano, a privatiza\u00e7\u00e3o da companhia tamb\u00e9m foi premiada no LatinFinance Deal of the Year Awards, em Nova York, na categoria Equity Follow-On of the Year. O processo de desestatiza\u00e7\u00e3o permitir\u00e1 a antecipa\u00e7\u00e3o da universaliza\u00e7\u00e3o do saneamento no Estado em quatro anos.\n<\/p>\n<p><strong>Tarc\u00edsio destaca o impacto da privatiza\u00e7\u00e3o<\/strong><br \/>Durante a premia\u00e7\u00e3o, Tarc\u00edsio destacou a relev\u00e2ncia do modelo adotado na privatiza\u00e7\u00e3o. \u201cEstamos aqui em Londres para mais uma premia\u00e7\u00e3o da privatiza\u00e7\u00e3o da Sabesp\u201d, disse. \u201cUma privatiza\u00e7\u00e3o que est\u00e1 sendo reconhecida no mundo todo pela sua qualidade. Porque a gente vai atender quem precisava de saneamento b\u00e1sico, e a gente vai trazer aquilo que \u00e9 mais importante: a dignidade. A gente vai transformar vidas.\n<\/p>\n<p>A agenda em Londres tamb\u00e9m incluiu reuni\u00f5es com investidores internacionais para apresentar projetos do Programa de Parcerias e Investimentos (PPI-SP). Entre os destaques est\u00e1 o T\u00fanel Santos-Guaruj\u00e1, primeiro imerso do Brasil, com investimento estimado em R$ 6 bilh\u00f5es.\n<\/p>\n<p>Outra iniciativa \u00e9 a parceria p\u00fablico-privada (PPP) das travessias h\u00eddricas, que prev\u00ea aporte de R$ 1 bilh\u00e3o para amplia\u00e7\u00e3o da frota de embarca\u00e7\u00f5es e melhorias nos terminais terrestres.              <\/p>\n<\/div>\n<p><br \/>\n<br \/><a href=\"https:\/\/diariodobrasilnoticias.com.br\/noticia\/privatizacao-da-sabesp-rende-premio-internacional-a-tarcisio-67da00a74ec57\">Source link <\/a><\/p>","protected":false},"excerpt":{"rendered":"<p>O governador de S\u00e3o Paulo, Tarc\u00edsio de Freitas (Republicanos), recebeu, nesta segunda-feira, 17, um pr\u00eamio pelo processo de privatiza\u00e7\u00e3o da Companhia de Saneamento B\u00e1sico do Estado de S\u00e3o Paulo (Sabesp).&hellip;<\/p>","protected":false},"author":1,"featured_media":112144,"comment_status":"closed","ping_status":"open","sticky":false,"template":"","format":"standard","meta":{"content-type":"","footnotes":""},"categories":[16],"tags":[123,2448,5313,1267],"class_list":["post-112143","post","type-post","status-publish","format-standard","has-post-thumbnail","hentry","category-noticias","tag-brasil","tag-diario","tag-noticia","tag-noticias"],"_links":{"self":[{"href":"https:\/\/tvbrazilusa.com\/pt\/wp-json\/wp\/v2\/posts\/112143","targetHints":{"allow":["GET"]}}],"collection":[{"href":"https:\/\/tvbrazilusa.com\/pt\/wp-json\/wp\/v2\/posts"}],"about":[{"href":"https:\/\/tvbrazilusa.com\/pt\/wp-json\/wp\/v2\/types\/post"}],"author":[{"embeddable":true,"href":"https:\/\/tvbrazilusa.com\/pt\/wp-json\/wp\/v2\/users\/1"}],"replies":[{"embeddable":true,"href":"https:\/\/tvbrazilusa.com\/pt\/wp-json\/wp\/v2\/comments?post=112143"}],"version-history":[{"count":1,"href":"https:\/\/tvbrazilusa.com\/pt\/wp-json\/wp\/v2\/posts\/112143\/revisions"}],"predecessor-version":[{"id":112145,"href":"https:\/\/tvbrazilusa.com\/pt\/wp-json\/wp\/v2\/posts\/112143\/revisions\/112145"}],"wp:featuredmedia":[{"embeddable":true,"href":"https:\/\/tvbrazilusa.com\/pt\/wp-json\/wp\/v2\/media\/112144"}],"wp:attachment":[{"href":"https:\/\/tvbrazilusa.com\/pt\/wp-json\/wp\/v2\/media?parent=112143"}],"wp:term":[{"taxonomy":"category","embeddable":true,"href":"https:\/\/tvbrazilusa.com\/pt\/wp-json\/wp\/v2\/categories?post=112143"},{"taxonomy":"post_tag","embeddable":true,"href":"https:\/\/tvbrazilusa.com\/pt\/wp-json\/wp\/v2\/tags?post=112143"}],"curies":[{"name":"wp","href":"https:\/\/api.w.org\/{rel}","templated":true}]}}