{"id":112146,"date":"2025-03-19T01:09:56","date_gmt":"2025-03-19T01:09:56","guid":{"rendered":"https:\/\/tvbrazilusa.com\/2025\/03\/19\/homem-entra-em-supermercado-e-furta-cafe-no-distrito-federal\/"},"modified":"2025-03-19T01:09:58","modified_gmt":"2025-03-19T01:09:58","slug":"homem-entra-em-supermercado-e-furta-cafe-no-distrito-federal","status":"publish","type":"post","link":"https:\/\/tvbrazilusa.com\/pt\/2025\/03\/19\/homem-entra-em-supermercado-e-furta-cafe-no-distrito-federal\/","title":{"rendered":"Homem entra em supermercado e furta caf\u00e9 no Distrito Federal"},"content":{"rendered":"<p> <script async src=\"https:\/\/pagead2.googlesyndication.com\/pagead\/js\/adsbygoogle.js?client=ca-pub-8864793242727901\"\r\n     crossorigin=\"anonymous\"><\/script><br \/>\n<\/p>\n<div id=\"taboola-read-more\" style=\"display:block; width:100%\">\n<p>C\u00e2meras de seguran\u00e7a registraram o momento em que um homem furtou um pacote de caf\u00e9 em um supermercado na Cidade Estrutural, no Distrito Federal, no domingo 16.\n<\/p>\n<p>O homem circula pelo supermercado e verifica se n\u00e3o est\u00e1 sendo observado. Em seguida, pega o item da prateleira, esconde-o sob a camisa, caminha at\u00e9 a sa\u00edda e deixa o local de bicicleta.<\/p>\n<p>\u201cH\u00e1 25 dias, duas senhoras tamb\u00e9m levaram pacotes de caf\u00e9 sem pagar\u201d, disse o funcion\u00e1rio da seguran\u00e7a. \u201cAssim fica dif\u00edcil. Quando acontece um furto, os seguran\u00e7as t\u00eam que arcar com o preju\u00edzo.\u201d\n<\/p>\n<p>\u201cEu conhe\u00e7o todos os clientes que v\u00e3o l\u00e1 e n\u00e3o me lembro de ter visto ele antes\u201d, alega outro funcion\u00e1rio do supermercado.\n<\/p>\n<p>A deputada federal Carla Zambelli (PL-SP) compartilhou as imagens em suas redes sociais. Os internautas usaram o post para criticar o governo do presidente Luiz In\u00e1cio Lula da Silva.\n<\/p>\n<p>IBGE mostra redu\u00e7\u00e3o de 7,5% na produ\u00e7\u00e3o de caf\u00e9 em 2025<br \/>Dados do Instituto Brasileiro de Geografia e Estat\u00edstica mostram que o Brasil vai produzir 52,8 milh\u00f5es de sacas de 60 quilos de caf\u00e9 em 2025. Isso representa uma redu\u00e7\u00e3o de 7,5% em rela\u00e7\u00e3o a 2024.\n<\/p>\n<p>A bienalidade negativa, que afeta grande parte das produ\u00e7\u00f5es de caf\u00e9 ar\u00e1bica, contribui para a redu\u00e7\u00e3o de 2,5% na colheita. Nesse sentido, ela tamb\u00e9m causa uma queda de 5,1% na produtividade do insumo.\n<\/p>\n<p>No ano passado, o pre\u00e7o do caf\u00e9 subiu quase 40%. Contudo, em fevereiro de 2025, o aumento j\u00e1 alcan\u00e7ou 10%.\n<\/p>\n<p>\u201cOs baixos estoques nacionais e globais da variedade v\u00eam sustentando o movimento de alta\u201d, dizem pesquisadores da Universidade de S\u00e3o Paulo. \u201cAl\u00e9m disso, a produ\u00e7\u00e3o brasileira da safra 2025\/26 deve ser novamente modesta.\u201d\n<\/p>\n<p>Fonte: Revista Oeste              <\/p>\n<\/div>\n<p><br \/>\n<br \/><a href=\"https:\/\/diariodobrasilnoticias.com.br\/noticia\/homem-entra-em-supermercado-e-furta-cafe-no-distrito-federal-67d9f40d44b2f\">Source link <\/a><\/p>","protected":false},"excerpt":{"rendered":"<p>C\u00e2meras de seguran\u00e7a registraram o momento em que um homem furtou um pacote de caf\u00e9 em um supermercado na Cidade Estrutural, no Distrito Federal, no domingo 16. O homem circula&hellip;<\/p>","protected":false},"author":1,"featured_media":112147,"comment_status":"closed","ping_status":"open","sticky":false,"template":"","format":"standard","meta":{"content-type":"","footnotes":""},"categories":[16],"tags":[123,2448,5313,1267],"class_list":["post-112146","post","type-post","status-publish","format-standard","has-post-thumbnail","hentry","category-noticias","tag-brasil","tag-diario","tag-noticia","tag-noticias"],"_links":{"self":[{"href":"https:\/\/tvbrazilusa.com\/pt\/wp-json\/wp\/v2\/posts\/112146","targetHints":{"allow":["GET"]}}],"collection":[{"href":"https:\/\/tvbrazilusa.com\/pt\/wp-json\/wp\/v2\/posts"}],"about":[{"href":"https:\/\/tvbrazilusa.com\/pt\/wp-json\/wp\/v2\/types\/post"}],"author":[{"embeddable":true,"href":"https:\/\/tvbrazilusa.com\/pt\/wp-json\/wp\/v2\/users\/1"}],"replies":[{"embeddable":true,"href":"https:\/\/tvbrazilusa.com\/pt\/wp-json\/wp\/v2\/comments?post=112146"}],"version-history":[{"count":1,"href":"https:\/\/tvbrazilusa.com\/pt\/wp-json\/wp\/v2\/posts\/112146\/revisions"}],"predecessor-version":[{"id":112148,"href":"https:\/\/tvbrazilusa.com\/pt\/wp-json\/wp\/v2\/posts\/112146\/revisions\/112148"}],"wp:featuredmedia":[{"embeddable":true,"href":"https:\/\/tvbrazilusa.com\/pt\/wp-json\/wp\/v2\/media\/112147"}],"wp:attachment":[{"href":"https:\/\/tvbrazilusa.com\/pt\/wp-json\/wp\/v2\/media?parent=112146"}],"wp:term":[{"taxonomy":"category","embeddable":true,"href":"https:\/\/tvbrazilusa.com\/pt\/wp-json\/wp\/v2\/categories?post=112146"},{"taxonomy":"post_tag","embeddable":true,"href":"https:\/\/tvbrazilusa.com\/pt\/wp-json\/wp\/v2\/tags?post=112146"}],"curies":[{"name":"wp","href":"https:\/\/api.w.org\/{rel}","templated":true}]}}