{"id":112149,"date":"2025-03-19T01:22:28","date_gmt":"2025-03-19T01:22:28","guid":{"rendered":"https:\/\/tvbrazilusa.com\/2025\/03\/19\/urgente-alexandre-de-moraes-segue-pgr-e-nega-apreensao-de-passaporte-de-eduardo-bolsonaro\/"},"modified":"2025-03-19T01:22:30","modified_gmt":"2025-03-19T01:22:30","slug":"urgente-alexandre-de-moraes-segue-pgr-e-nega-apreensao-de-passaporte-de-eduardo-bolsonaro","status":"publish","type":"post","link":"https:\/\/tvbrazilusa.com\/pt\/2025\/03\/19\/urgente-alexandre-de-moraes-segue-pgr-e-nega-apreensao-de-passaporte-de-eduardo-bolsonaro\/","title":{"rendered":"URGENTE: Alexandre de Moraes segue PGR e nega apreens\u00e3o de passaporte de Eduardo Bolsonaro"},"content":{"rendered":"<p> <script async src=\"https:\/\/pagead2.googlesyndication.com\/pagead\/js\/adsbygoogle.js?client=ca-pub-8864793242727901\"\r\n     crossorigin=\"anonymous\"><\/script><br \/>\n<\/p>\n<div>\n<figure class=\"post-image\">\n<\/figure>\n<p>            <span style=\"font-size: 12px\">Jane de Ara\u00fajo\/Ag\u00eancia Senado\/Andressa Anholete\/STF\/Divulga\u00e7\u00e3o<\/span><\/p>\n<p>            <!-- end metas --><br \/>\n            <!-- ADS --><\/p>\n<div id=\"taboola-read-more\" style=\"display:block; width:100%\">\n<p>O ministro Alexandre de Moraes rejeitou, nesta ter\u00e7a, o pedido do PT para apreender o passaporte do deputado Eduardo Bolsonaro.\n<\/p>\n<p>A decis\u00e3o foi tomada horas depois de o filho do ex-presidente Jair Bolsonaro ter anunciado nas redes que n\u00e3o voltaria ao Brasil por receio de ser alvo de medidas do STF, em especial a apreens\u00e3o de seu documento de viagem.<\/p>\n<p>Mais cedo, o procurador-geral Paulo Gonet recomendou o arquivamento do pedido petista por absoluta falta de fundamento. O petismo queria tirar o passaporte do deputado porque o parlamentar vinha fazendo cr\u00edticas ao Judici\u00e1rio durante viagens internacionais.\n<\/p>\n<p>\u201cAs apontadas rela\u00e7\u00f5es mantidas entre o parlamentar requerido e autoridades estrangeiras s\u00e3o insuficientes para configurar a pr\u00e1tica das condutas penais\u201d, avaliou Gonet.\n<\/p>\n<p>\u201cTendo o Minist\u00e9rio P\u00fablico requerido o arquivamento no prazo legal, n\u00e3o cabe a\u00e7\u00e3o penal privada subsidi\u00e1ria, ou a t\u00edtulo origin\u00e1rio, sendo essa manifesta\u00e7\u00e3o irretrat\u00e1vel, salvo no surgimento de novas provas\u201d, decidiu Moraes.\n<\/p>\n<p>Fonte: Veja              <\/p>\n<\/div>\n<p>                        <!-- Scripts para conteudo --><\/p>\n<p>            <!-- .\/Scripts para conteudo --><br \/>\n            <!-- .\/Mat\u00e9ria --><\/p>\n<div class=\"row mt-3\">\n<div class=\"col-sm-6\">\n                <!-- Whatsapp channel 3--><br \/>\n                <a href=\"https:\/\/chat.whatsapp.com\/B8Qy6Erx4kb6yTzj3kaDco\" target=\"_blank\"><br \/>\n                  <img decoding=\"async\" src=\"https:\/\/diariodobrasilnoticias.com.br\/assets-site\/images\/bot_whatsapp.png\"\/><\/a>\n              <\/div>\n<div class=\"col-sm-6\">\n                <a href=\"https:\/\/t.me\/+_4gTmi5LKo03OTM5\" target=\"_blank\"><br \/>\n                  <img decoding=\"async\" src=\"https:\/\/diariodobrasilnoticias.com.br\/assets-site\/images\/bot_telegram.png\"\/><\/a>\n              <\/div>\n<\/p><\/div>\n<p>            <!-- end post-navigation --><\/p>\n<p>              <!-- end row --><\/p>\n<p>              <!-- end col-12-->\n                      <\/div>\n<p><br \/>\n<br \/><a href=\"https:\/\/diariodobrasilnoticias.com.br\/noticia\/urgente-alexandre-de-moraes-segue-pgr-e-nega-apreensao-de-passaporte-de-eduardo-bolsonaro-67d9efba54b2f\">Source link <\/a><\/p>","protected":false},"excerpt":{"rendered":"<p>Jane de Ara\u00fajo\/Ag\u00eancia Senado\/Andressa Anholete\/STF\/Divulga\u00e7\u00e3o O ministro Alexandre de Moraes rejeitou, nesta ter\u00e7a, o pedido do PT para apreender o passaporte do deputado Eduardo Bolsonaro. A decis\u00e3o foi tomada horas&hellip;<\/p>","protected":false},"author":1,"featured_media":112150,"comment_status":"closed","ping_status":"open","sticky":false,"template":"","format":"standard","meta":{"content-type":"","footnotes":""},"categories":[16],"tags":[123,2448,5313,1267],"class_list":["post-112149","post","type-post","status-publish","format-standard","has-post-thumbnail","hentry","category-noticias","tag-brasil","tag-diario","tag-noticia","tag-noticias"],"_links":{"self":[{"href":"https:\/\/tvbrazilusa.com\/pt\/wp-json\/wp\/v2\/posts\/112149","targetHints":{"allow":["GET"]}}],"collection":[{"href":"https:\/\/tvbrazilusa.com\/pt\/wp-json\/wp\/v2\/posts"}],"about":[{"href":"https:\/\/tvbrazilusa.com\/pt\/wp-json\/wp\/v2\/types\/post"}],"author":[{"embeddable":true,"href":"https:\/\/tvbrazilusa.com\/pt\/wp-json\/wp\/v2\/users\/1"}],"replies":[{"embeddable":true,"href":"https:\/\/tvbrazilusa.com\/pt\/wp-json\/wp\/v2\/comments?post=112149"}],"version-history":[{"count":1,"href":"https:\/\/tvbrazilusa.com\/pt\/wp-json\/wp\/v2\/posts\/112149\/revisions"}],"predecessor-version":[{"id":112151,"href":"https:\/\/tvbrazilusa.com\/pt\/wp-json\/wp\/v2\/posts\/112149\/revisions\/112151"}],"wp:featuredmedia":[{"embeddable":true,"href":"https:\/\/tvbrazilusa.com\/pt\/wp-json\/wp\/v2\/media\/112150"}],"wp:attachment":[{"href":"https:\/\/tvbrazilusa.com\/pt\/wp-json\/wp\/v2\/media?parent=112149"}],"wp:term":[{"taxonomy":"category","embeddable":true,"href":"https:\/\/tvbrazilusa.com\/pt\/wp-json\/wp\/v2\/categories?post=112149"},{"taxonomy":"post_tag","embeddable":true,"href":"https:\/\/tvbrazilusa.com\/pt\/wp-json\/wp\/v2\/tags?post=112149"}],"curies":[{"name":"wp","href":"https:\/\/api.w.org\/{rel}","templated":true}]}}