{"id":112152,"date":"2025-03-19T01:37:12","date_gmt":"2025-03-19T01:37:12","guid":{"rendered":"https:\/\/tvbrazilusa.com\/2025\/03\/19\/psol-pede-que-dino-impeca-congresso-de-avancar-contra-stf\/"},"modified":"2025-03-19T01:37:14","modified_gmt":"2025-03-19T01:37:14","slug":"psol-pede-que-dino-impeca-congresso-de-avancar-contra-stf","status":"publish","type":"post","link":"https:\/\/tvbrazilusa.com\/pt\/2025\/03\/19\/psol-pede-que-dino-impeca-congresso-de-avancar-contra-stf\/","title":{"rendered":"Psol pede que Dino impe\u00e7a Congresso de &#8216;avan\u00e7ar&#8217; contra STF"},"content":{"rendered":"<p> <script async src=\"https:\/\/pagead2.googlesyndication.com\/pagead\/js\/adsbygoogle.js?client=ca-pub-8864793242727901\"\r\n     crossorigin=\"anonymous\"><\/script><br \/>\n<\/p>\n<div id=\"taboola-read-more\" style=\"display:block; width:100%\">\n<p>O Psol protocolou uma a\u00e7\u00e3o no Supremo Tribunal Federal (STF) para impedir que o Congresso Nacional prossiga com pautas que contrariam decis\u00f5es da Corte.\n<\/p>\n<p>A manifesta\u00e7\u00e3o, enviada ao ministro Fl\u00e1vio Dino, aborda uma resolu\u00e7\u00e3o aprovada na \u00faltima quinta-feira, 13, que mant\u00e9m an\u00f4nimos os autores das emendas parlamentares de comiss\u00e3o.<\/p>\n<p>Essa medida, conforme noticiado pelo jornal Folha de S. Paulo, permite que parlamentares fa\u00e7am indica\u00e7\u00f5es por meio de bancadas partid\u00e1rias, com a assinatura apenas do l\u00edder da sigla, sem identificar o autor original.\n<\/p>\n<p>O Psol tamb\u00e9m cita um projeto de lei, aprovado no Senado e em tramita\u00e7\u00e3o na C\u00e2mara, que visa a desbloquear bilh\u00f5es em emendas parlamentares suspensas.\n<\/p>\n<p><strong>Embates entre Congresso e STF<\/strong>\n<\/p>\n<p>De acordo com consultores legislativos, a proposta tem como alvo R$ 4,6 bilh\u00f5es em emendas bloqueadas, mas pode atingir at\u00e9 R$ 16 bilh\u00f5es, conforme o o presidente do Senado, Davi Alcolumbre (Uni\u00e3o Brasil-AP). O partido solicita que o STF impe\u00e7a o Congresso de propor ou aprovar medidas que descumpram decis\u00f5es da Corte.\n<\/p>\n<p>Embora um acordo entre STF e Congresso tenha buscado dar mais transpar\u00eancia \u00e0 destina\u00e7\u00e3o de recursos, a nova resolu\u00e7\u00e3o parece contornar essa exig\u00eancia ao manter o anonimato dos respons\u00e1veis pelas emendas.\n<\/p>\n<p><strong>Transpar\u00eancia e tens\u00e3o pol\u00edtica<\/strong><br \/>Depois de o STF extinguir as verbas de relator em 2022, devido \u00e0 \u201cfalta de transpar\u00eancia\u201d, o uso de emendas de comiss\u00e3o cresceu. Dino defendeu mais clareza na aplica\u00e7\u00e3o dos recursos.\n<\/p>\n<p>Dino queria que as indica\u00e7\u00f5es fossem votadas pelos colegiados e criticou a transforma\u00e7\u00e3o das emendas em \u201cemendas de l\u00edderes partid\u00e1rios\u201d, j\u00e1 que apenas seus nomes eram registrados, o que ele chamou de \u201cbalb\u00fardia\u201d no Or\u00e7amento.\n<\/p>\n<p>Em 2025, o Congresso Nacional aprovou uma resolu\u00e7\u00e3o para aumentar a transpar\u00eancia, mas manteve a indica\u00e7\u00e3o pelos l\u00edderes partid\u00e1rios, sem esclarecer quem faz as indica\u00e7\u00f5es.\n<\/p>\n<p>O Psol, no entanto, refor\u00e7ou a \u201cnecessidade de seguir as decis\u00f5es do STF para garantir transpar\u00eancia e responsabilidade no uso dos recursos p\u00fablicos\u201d.\n<\/p>\n<p>Fonte: Revista Oeste              <\/p>\n<\/div>\n<p><br \/>\n<br \/><a href=\"https:\/\/diariodobrasilnoticias.com.br\/noticia\/psol-pede-que-dino-impeca-congresso-de-avancar-contra-stf-67d9fbcf0452a\">Source link <\/a><\/p>","protected":false},"excerpt":{"rendered":"<p>O Psol protocolou uma a\u00e7\u00e3o no Supremo Tribunal Federal (STF) para impedir que o Congresso Nacional prossiga com pautas que contrariam decis\u00f5es da Corte. A manifesta\u00e7\u00e3o, enviada ao ministro Fl\u00e1vio&hellip;<\/p>","protected":false},"author":1,"featured_media":112153,"comment_status":"closed","ping_status":"open","sticky":false,"template":"","format":"standard","meta":{"content-type":"","footnotes":""},"categories":[16],"tags":[123,2448,5313,1267],"class_list":["post-112152","post","type-post","status-publish","format-standard","has-post-thumbnail","hentry","category-noticias","tag-brasil","tag-diario","tag-noticia","tag-noticias"],"_links":{"self":[{"href":"https:\/\/tvbrazilusa.com\/pt\/wp-json\/wp\/v2\/posts\/112152","targetHints":{"allow":["GET"]}}],"collection":[{"href":"https:\/\/tvbrazilusa.com\/pt\/wp-json\/wp\/v2\/posts"}],"about":[{"href":"https:\/\/tvbrazilusa.com\/pt\/wp-json\/wp\/v2\/types\/post"}],"author":[{"embeddable":true,"href":"https:\/\/tvbrazilusa.com\/pt\/wp-json\/wp\/v2\/users\/1"}],"replies":[{"embeddable":true,"href":"https:\/\/tvbrazilusa.com\/pt\/wp-json\/wp\/v2\/comments?post=112152"}],"version-history":[{"count":1,"href":"https:\/\/tvbrazilusa.com\/pt\/wp-json\/wp\/v2\/posts\/112152\/revisions"}],"predecessor-version":[{"id":112154,"href":"https:\/\/tvbrazilusa.com\/pt\/wp-json\/wp\/v2\/posts\/112152\/revisions\/112154"}],"wp:featuredmedia":[{"embeddable":true,"href":"https:\/\/tvbrazilusa.com\/pt\/wp-json\/wp\/v2\/media\/112153"}],"wp:attachment":[{"href":"https:\/\/tvbrazilusa.com\/pt\/wp-json\/wp\/v2\/media?parent=112152"}],"wp:term":[{"taxonomy":"category","embeddable":true,"href":"https:\/\/tvbrazilusa.com\/pt\/wp-json\/wp\/v2\/categories?post=112152"},{"taxonomy":"post_tag","embeddable":true,"href":"https:\/\/tvbrazilusa.com\/pt\/wp-json\/wp\/v2\/tags?post=112152"}],"curies":[{"name":"wp","href":"https:\/\/api.w.org\/{rel}","templated":true}]}}