{"id":112155,"date":"2025-03-19T01:51:40","date_gmt":"2025-03-19T01:51:40","guid":{"rendered":"https:\/\/tvbrazilusa.com\/2025\/03\/19\/senadores-girao-e-kajuru-batem-boca-no-congresso-sobre-manifestacao-pela-anistia\/"},"modified":"2025-03-19T01:51:42","modified_gmt":"2025-03-19T01:51:42","slug":"senadores-girao-e-kajuru-batem-boca-no-congresso-sobre-manifestacao-pela-anistia","status":"publish","type":"post","link":"https:\/\/tvbrazilusa.com\/pt\/2025\/03\/19\/senadores-girao-e-kajuru-batem-boca-no-congresso-sobre-manifestacao-pela-anistia\/","title":{"rendered":"Senadores Gir\u00e3o e Kajuru batem boca no congresso sobre manifesta\u00e7\u00e3o pela anistia"},"content":{"rendered":"<p> <script async src=\"https:\/\/pagead2.googlesyndication.com\/pagead\/js\/adsbygoogle.js?client=ca-pub-8864793242727901\"\r\n     crossorigin=\"anonymous\"><\/script><br \/>\n<\/p>\n<div id=\"taboola-read-more\" style=\"display:block; width:100%\">\n<p>Durante uma acalorada sess\u00e3o no plen\u00e1rio do Senado, os senadores Eduardo Gir\u00e3o e Jorge Kajuru se envolveram em um confronto verbal sobre a censura e a liberdade de express\u00e3o nas redes sociais. A discuss\u00e3o come\u00e7ou quando Kajuru, em seu discurso, defendeu a ideia de que pessoas que lutam pela liberdade de express\u00e3o, incluindo muitos bolsonaristas, deveriam tamb\u00e9m apoiar puni\u00e7\u00f5es contra o que ele classificou como &#8220;fake news&#8221;, citando um epis\u00f3dio envolvendo o senador Magno Malta.\n<\/p>\n<p>Kajuru acusou seus opositores de minimizar o impacto de uma manipula\u00e7\u00e3o de imagens que o envolvia, com a cria\u00e7\u00e3o de uma falsa narrativa de que Malta estava embriagado durante uma manifesta\u00e7\u00e3o. Segundo o senador, a divulga\u00e7\u00e3o de um v\u00eddeo editado, que mostrava Malta em um caminh\u00e3o em um estado aparentemente alterado, era um claro exemplo de uma fake news e merecia puni\u00e7\u00e3o. Ele tamb\u00e9m criticou pessoas que defendem a liberdade de express\u00e3o nas redes sociais, mas se omitem diante de desinforma\u00e7\u00e3o que prejudica figuras pol\u00edticas.<\/p>\n<p>Al\u00e9m disso, Kajuru se dirigiu ao deputado Gustavo Gayer, questionando suas declara\u00e7\u00f5es sobre o presidente Lula, que comentou sobre a beleza de uma ministra em sua equipe. Para Kajuru, Gayer n\u00e3o se desculpou de forma adequada, e ele insistiu na necessidade de puni\u00e7\u00f5es severas para o parlamentar, acusando-o de cometer crimes graves. O senador tamb\u00e9m comparou o caso de Gayer com o tratamento que outros pol\u00edticos receberam por falas pol\u00eamicas, sugerindo que o sistema de justi\u00e7a deveria agir de forma mais rigorosa.\n<\/p>\n<p>Em resposta, o senador Eduardo Gir\u00e3o reagiu criticamente \u00e0s palavras de Kajuru, defendendo a ideia de que o debate pol\u00edtico deve ser livre, com espa\u00e7o para ideias divergentes, desde que feitas de maneira respeitosa. Gir\u00e3o reconheceu que Gayer poderia ter se expressado de forma mais cuidadosa, mas questionou a severidade das cr\u00edticas de Kajuru, especialmente no que se referia ao uso da palavra &#8220;assassino&#8221; para descrever o deputado.\n<\/p>\n<p>O embate ficou ainda mais tenso quando Gir\u00e3o lembrou Kajuru de que, no Brasil, existem leis contra cal\u00fania e difama\u00e7\u00e3o, e que, se algu\u00e9m se sentisse ofendido por uma fala, o caminho adequado seria recorrer ao sistema judici\u00e1rio. Gir\u00e3o tamb\u00e9m abordou um ponto t\u00e9cnico relacionado \u00e0 manifesta\u00e7\u00e3o de 16 de janeiro, em que Kajuru havia contestado os n\u00fameros de participantes. O senador Gir\u00e3o esclareceu que os 400 mil mencionados em um relat\u00f3rio da Pol\u00edcia Militar n\u00e3o eram uma inven\u00e7\u00e3o, mas sim o dado oficial, e que o real problema estava em outra informa\u00e7\u00e3o divulgada por um membro de uma institui\u00e7\u00e3o respeitada, que diminuiu o n\u00famero de manifestantes para 18 mil.\n<\/p>\n<p>Apesar das trocas agressivas, Gir\u00e3o reafirmou que quem cometeu erros deve ser responsabilizado, mas alertou que as solu\u00e7\u00f5es n\u00e3o deveriam passar pela censura das redes sociais ou pelo controle da m\u00eddia. Para ele, \u00e9 essencial que se preserve o espa\u00e7o para a liberdade de express\u00e3o, mesmo que, em alguns casos, isso implique em lidar com falas pol\u00eamicas ou at\u00e9 mesmo desinforma\u00e7\u00e3o.\n<\/p>\n<p>O bate-boca no Senado destacou as tens\u00f5es pol\u00edticas em torno da censura, da liberdade de express\u00e3o e das responsabilidades de parlamentares, com ambos os senadores defendendo suas vis\u00f5es sobre a melhor forma de lidar com as fake news e com as manifesta\u00e7\u00f5es p\u00fablicas no pa\u00eds.\n<\/p>\n<p>Fonte: Pensando Direita              <\/p>\n<\/div>\n<p><br \/>\n<br \/><a href=\"https:\/\/diariodobrasilnoticias.com.br\/noticia\/senadores-girao-e-kajuru-batem-boca-no-congresso-sobre-manifestacao-pela-anistia-67d9fb6fbf4ea\">Source link <\/a><\/p>","protected":false},"excerpt":{"rendered":"<p>Durante uma acalorada sess\u00e3o no plen\u00e1rio do Senado, os senadores Eduardo Gir\u00e3o e Jorge Kajuru se envolveram em um confronto verbal sobre a censura e a liberdade de express\u00e3o nas&hellip;<\/p>","protected":false},"author":1,"featured_media":112156,"comment_status":"closed","ping_status":"open","sticky":false,"template":"","format":"standard","meta":{"content-type":"","footnotes":""},"categories":[16],"tags":[123,2448,5313,1267],"class_list":["post-112155","post","type-post","status-publish","format-standard","has-post-thumbnail","hentry","category-noticias","tag-brasil","tag-diario","tag-noticia","tag-noticias"],"_links":{"self":[{"href":"https:\/\/tvbrazilusa.com\/pt\/wp-json\/wp\/v2\/posts\/112155","targetHints":{"allow":["GET"]}}],"collection":[{"href":"https:\/\/tvbrazilusa.com\/pt\/wp-json\/wp\/v2\/posts"}],"about":[{"href":"https:\/\/tvbrazilusa.com\/pt\/wp-json\/wp\/v2\/types\/post"}],"author":[{"embeddable":true,"href":"https:\/\/tvbrazilusa.com\/pt\/wp-json\/wp\/v2\/users\/1"}],"replies":[{"embeddable":true,"href":"https:\/\/tvbrazilusa.com\/pt\/wp-json\/wp\/v2\/comments?post=112155"}],"version-history":[{"count":1,"href":"https:\/\/tvbrazilusa.com\/pt\/wp-json\/wp\/v2\/posts\/112155\/revisions"}],"predecessor-version":[{"id":112157,"href":"https:\/\/tvbrazilusa.com\/pt\/wp-json\/wp\/v2\/posts\/112155\/revisions\/112157"}],"wp:featuredmedia":[{"embeddable":true,"href":"https:\/\/tvbrazilusa.com\/pt\/wp-json\/wp\/v2\/media\/112156"}],"wp:attachment":[{"href":"https:\/\/tvbrazilusa.com\/pt\/wp-json\/wp\/v2\/media?parent=112155"}],"wp:term":[{"taxonomy":"category","embeddable":true,"href":"https:\/\/tvbrazilusa.com\/pt\/wp-json\/wp\/v2\/categories?post=112155"},{"taxonomy":"post_tag","embeddable":true,"href":"https:\/\/tvbrazilusa.com\/pt\/wp-json\/wp\/v2\/tags?post=112155"}],"curies":[{"name":"wp","href":"https:\/\/api.w.org\/{rel}","templated":true}]}}