{"id":112158,"date":"2025-03-19T02:04:41","date_gmt":"2025-03-19T02:04:41","guid":{"rendered":"https:\/\/tvbrazilusa.com\/2025\/03\/19\/pt-faz-mais-um-pedido-incomum-ao-stf-e-dessa-vez-quer-impedir-bolsonaro-de-se-aproximar-da-embaixada-americana-e-sair-de-brasilia\/"},"modified":"2025-03-19T02:04:43","modified_gmt":"2025-03-19T02:04:43","slug":"pt-faz-mais-um-pedido-incomum-ao-stf-e-dessa-vez-quer-impedir-bolsonaro-de-se-aproximar-da-embaixada-americana-e-sair-de-brasilia","status":"publish","type":"post","link":"https:\/\/tvbrazilusa.com\/pt\/2025\/03\/19\/pt-faz-mais-um-pedido-incomum-ao-stf-e-dessa-vez-quer-impedir-bolsonaro-de-se-aproximar-da-embaixada-americana-e-sair-de-brasilia\/","title":{"rendered":"PT faz mais um pedido incomum ao STF e dessa vez quer impedir Bolsonaro de se aproximar da embaixada americana e sair de Bras\u00edlia"},"content":{"rendered":"<p> <script async src=\"https:\/\/pagead2.googlesyndication.com\/pagead\/js\/adsbygoogle.js?client=ca-pub-8864793242727901\"\r\n     crossorigin=\"anonymous\"><\/script><br \/>\n<\/p>\n<div>\n<figure class=\"post-image\">\n<\/figure>\n<p>            <span style=\"font-size: 12px\">Reprodu\u00e7\u00e3o<\/span><\/p>\n<p>            <!-- end metas --><br \/>\n            <!-- ADS --><\/p>\n<div id=\"taboola-read-more\" style=\"display:block; width:100%\">\n<p>O l\u00edder do PT na C\u00e2mara, Lindbergh Farias (RJ), e o deputado Rog\u00e9rio Correia (PT-MG) pediram h\u00e1 pouco ao Supremo Tribunal Federal (STF) que imponha restri\u00e7\u00f5es a Jair Bolsonaro (PL), incluindo a proibi\u00e7\u00e3o de deixar Bras\u00edlia sem autoriza\u00e7\u00e3o judicial e de se aproximar de embaixadas. Eles tamb\u00e9m solicitaram que o ex-presidente use tornozeleira eletr\u00f4nica.\n<\/p>\n<p>O pedido foi feito poucas horas ap\u00f3s o an\u00fancio de que o deputado federal Eduardo Bolsonaro (PL-SP) se licenciar\u00e1 do mandato e permanecer\u00e1 nos EUA devido ao risco de apreens\u00e3o de seu passaporte e para combater \u201carbitrariedades\u201d do Supremo.<\/p>\n<p>Lindbergh e Correia, respons\u00e1veis por solicitar a reten\u00e7\u00e3o do passaporte de Eduardo, tamb\u00e9m destacaram esse an\u00fancio na peti\u00e7\u00e3o ao STF.\n<\/p>\n<p>Os petistas querem evitar que Bolsonaro busque abrigo em embaixadas. Em fevereiro de 2024, ele passou duas noites na Embaixada da Hungria ap\u00f3s uma opera\u00e7\u00e3o da Pol\u00edcia Federal que apreendeu seu passaporte, parte de um inqu\u00e9rito sobre a suposta tentativa de golpe.\n<\/p>\n<p>Al\u00e9m do an\u00fancio de Eduardo, o pedido tamb\u00e9m menciona entrevista de Bolsonaro ao portal Auriverde Brasil, na qual ele afirmou que a reten\u00e7\u00e3o de seu passaporte n\u00e3o impediria sua sa\u00edda do pa\u00eds.\n<\/p>\n<p>Fonte: Claudio Dantas              <\/p>\n<\/div>\n<p>                        <!-- Scripts para conteudo --><\/p>\n<p>            <!-- .\/Scripts para conteudo --><br \/>\n            <!-- .\/Mat\u00e9ria --><\/p>\n<div class=\"row mt-3\">\n<div class=\"col-sm-6\">\n                <!-- Whatsapp channel 3--><br \/>\n                <a href=\"https:\/\/chat.whatsapp.com\/B8Qy6Erx4kb6yTzj3kaDco\" target=\"_blank\"><br \/>\n                  <img decoding=\"async\" src=\"https:\/\/diariodobrasilnoticias.com.br\/assets-site\/images\/bot_whatsapp.png\"\/><\/a>\n              <\/div>\n<div class=\"col-sm-6\">\n                <a href=\"https:\/\/t.me\/+_4gTmi5LKo03OTM5\" target=\"_blank\"><br \/>\n                  <img decoding=\"async\" src=\"https:\/\/diariodobrasilnoticias.com.br\/assets-site\/images\/bot_telegram.png\"\/><\/a>\n              <\/div>\n<\/p><\/div>\n<p>            <!-- end post-navigation --><\/p>\n<p>              <!-- end row --><\/p>\n<p>              <!-- end col-12-->\n                      <\/div>\n<p><br \/>\n<br \/><a href=\"https:\/\/diariodobrasilnoticias.com.br\/noticia\/pt-faz-mais-um-pedido-incomum-ao-stf-e-dessa-vez-quer-impedir-bolsonaro-de-se-aproximar-da-embaixada-americana-e-sair-de-brasilia-67d9fc29f0647\">Source link <\/a><\/p>","protected":false},"excerpt":{"rendered":"<p>Reprodu\u00e7\u00e3o O l\u00edder do PT na C\u00e2mara, Lindbergh Farias (RJ), e o deputado Rog\u00e9rio Correia (PT-MG) pediram h\u00e1 pouco ao Supremo Tribunal Federal (STF) que imponha restri\u00e7\u00f5es a Jair Bolsonaro&hellip;<\/p>","protected":false},"author":1,"featured_media":112159,"comment_status":"closed","ping_status":"open","sticky":false,"template":"","format":"standard","meta":{"content-type":"","footnotes":""},"categories":[16],"tags":[123,2448,5313,1267],"class_list":["post-112158","post","type-post","status-publish","format-standard","has-post-thumbnail","hentry","category-noticias","tag-brasil","tag-diario","tag-noticia","tag-noticias"],"_links":{"self":[{"href":"https:\/\/tvbrazilusa.com\/pt\/wp-json\/wp\/v2\/posts\/112158","targetHints":{"allow":["GET"]}}],"collection":[{"href":"https:\/\/tvbrazilusa.com\/pt\/wp-json\/wp\/v2\/posts"}],"about":[{"href":"https:\/\/tvbrazilusa.com\/pt\/wp-json\/wp\/v2\/types\/post"}],"author":[{"embeddable":true,"href":"https:\/\/tvbrazilusa.com\/pt\/wp-json\/wp\/v2\/users\/1"}],"replies":[{"embeddable":true,"href":"https:\/\/tvbrazilusa.com\/pt\/wp-json\/wp\/v2\/comments?post=112158"}],"version-history":[{"count":1,"href":"https:\/\/tvbrazilusa.com\/pt\/wp-json\/wp\/v2\/posts\/112158\/revisions"}],"predecessor-version":[{"id":112160,"href":"https:\/\/tvbrazilusa.com\/pt\/wp-json\/wp\/v2\/posts\/112158\/revisions\/112160"}],"wp:featuredmedia":[{"embeddable":true,"href":"https:\/\/tvbrazilusa.com\/pt\/wp-json\/wp\/v2\/media\/112159"}],"wp:attachment":[{"href":"https:\/\/tvbrazilusa.com\/pt\/wp-json\/wp\/v2\/media?parent=112158"}],"wp:term":[{"taxonomy":"category","embeddable":true,"href":"https:\/\/tvbrazilusa.com\/pt\/wp-json\/wp\/v2\/categories?post=112158"},{"taxonomy":"post_tag","embeddable":true,"href":"https:\/\/tvbrazilusa.com\/pt\/wp-json\/wp\/v2\/tags?post=112158"}],"curies":[{"name":"wp","href":"https:\/\/api.w.org\/{rel}","templated":true}]}}