{"id":112244,"date":"2025-03-19T14:35:47","date_gmt":"2025-03-19T14:35:47","guid":{"rendered":"https:\/\/tvbrazilusa.com\/2025\/03\/19\/projeto-que-altera-a-lei-da-ficha-limpa-e-reduz-prazo-de-inelegibilidade-de-politicos-sera-votado-no-senado-nesta-quarta-feira\/"},"modified":"2025-03-19T14:35:48","modified_gmt":"2025-03-19T14:35:48","slug":"projeto-que-altera-a-lei-da-ficha-limpa-e-reduz-prazo-de-inelegibilidade-de-politicos-sera-votado-no-senado-nesta-quarta-feira","status":"publish","type":"post","link":"https:\/\/tvbrazilusa.com\/pt\/2025\/03\/19\/projeto-que-altera-a-lei-da-ficha-limpa-e-reduz-prazo-de-inelegibilidade-de-politicos-sera-votado-no-senado-nesta-quarta-feira\/","title":{"rendered":"Projeto que altera a Lei da Ficha Limpa e reduz prazo de inelegibilidade de pol\u00edticos ser\u00e1 votado no Senado nesta quarta-feira"},"content":{"rendered":"<p> <script async src=\"https:\/\/pagead2.googlesyndication.com\/pagead\/js\/adsbygoogle.js?client=ca-pub-8864793242727901\"\r\n     crossorigin=\"anonymous\"><\/script><br \/>\n<\/p>\n<div id=\"taboola-read-more\" style=\"display:block; width:100%\">\n<p>O Senado deve retomar, nesta quarta-feira, a vota\u00e7\u00e3o do projeto de lei que reduz o prazo de inelegibilidade para pol\u00edticos condenados definido pela Lei da Ficha Limpa. Em agosto do ano passado, os parlamentares aprovaram um requerimento de urg\u00eancia para acelerar a tramita\u00e7\u00e3o. Nesta ter\u00e7a, por\u00e9m, os parlamentares optaram por adiar a vota\u00e7\u00e3o diante de diverg\u00eancias em rela\u00e7\u00e3o ao texto. O presidente da Casa, Davi Alcolumbre (Uni\u00e3o-AP), afirmou que pretende votar o texto nesta quarta, caso chegue a um acordo sobre a reda\u00e7\u00e3o final.\n<\/p>\n<div class=\"mc-column content-text active-extra-styles\" data-block-type=\"unstyled\" data-block-weight=\"41\">\n<p class=\"content-text__container\" data-track-category=\"Link no Texto\" data-track-links=\"data-track-links\">De acordo com a iniciativa, o per\u00edodo de inelegibilidade continua sendo de oito anos, mas come\u00e7a a ser contado a partir da condena\u00e7\u00e3o, e n\u00e3o mais ap\u00f3s o cumprimento da pena, o que diminuiria o per\u00edodo longe das urnas. Emendas<\/p>\n<\/div>\n<div class=\"mc-column content-text active-extra-styles\" data-block-type=\"unstyled\" data-block-weight=\"47\">\n<p class=\"content-text__container\" data-track-category=\"Link no Texto\" data-track-links=\"data-track-links\">O projeto foi aprovado pela C\u00e2mara em 2023 e, sem mudan\u00e7as no texto chancelado pelos deputados, a iniciativa vai para san\u00e7\u00e3o ou veto presidencial. No Senado, o\u00a0relator\u00a0<a class=\"class\" href=\"https:\/\/12ft.io\/proxy?q=https%3A%2F%2Foglobo.globo.com%2Ftudo-sobre%2Fpolitico%2Fweverton\" target=\"_parent\">Weverton Rocha<\/a>\u00a0manteve o texto aprovado pela C\u00e2mara e s\u00f3 fez ajustes de reda\u00e7\u00e3o, sem alterar o m\u00e9rito.\n<\/p>\n<\/div>\n<div class=\"mc-column content-text active-extra-styles\" data-block-type=\"unstyled\" data-block-weight=\"53\">\n<p class=\"content-text__container\" data-track-category=\"Link no Texto\" data-track-links=\"data-track-links\">&#8220;A legisla\u00e7\u00e3o de vig\u00eancia enseja, portanto, per\u00edodos diferentes de inelegibilidade, a depender do momento da perda do mandato. Pode ocorrer de um parlamentar cassado pela respectiva Casa Legislativa tornar-se por isso ineleg\u00edvel durante o prazo de 8 anos ou at\u00e9 mesmo por 15 anos, a depender do caso&#8221;, justifica Weverton em seu relat\u00f3rio.\n<\/p>\n<\/div>\n<div class=\"mc-column content-text active-extra-styles\" data-block-type=\"unstyled\" data-block-weight=\"14\">\n<p class=\"content-text__container\" data-track-category=\"Link no Texto\" data-track-links=\"data-track-links\">Nesta ter\u00e7a, Weverton Rocha voltou a defender o texto, ao ler trecho do projeto.\n<\/p>\n<\/div>\n<div class=\"mc-column content-text active-extra-styles\" data-block-type=\"unstyled\" data-block-weight=\"35\">\n<p class=\"content-text__container\" data-track-category=\"Link no Texto\" data-track-links=\"data-track-links\">\u2014 A principal mudan\u00e7a que o texto cria \u00e9 unificar o prazo de inelegibilidade para oito anos. Vale lembrar que enquanto uma pessoa estiver com os direitos pol\u00edticos cassados, seguir\u00e1 sem poder se candidatar.\n<\/p>\n<\/div>\n<div class=\"mc-column content-text active-extra-styles\" data-block-type=\"unstyled\" data-block-weight=\"41\">\n<p class=\"content-text__container\" data-track-category=\"Link no Texto\" data-track-links=\"data-track-links\">As organiza\u00e7\u00f5es N\u00e3o Aceito Corrup\u00e7\u00e3o, Transpar\u00eancia Internacional Brasil, Associa\u00e7\u00e3o Fiquem Sabendo, Movimento de Combate \u00e0 Corrup\u00e7\u00e3o Eleitoral , Transpar\u00eancia Partid\u00e1ria e Pacto pela Democracia divulgaram uma nota em que criticam o projeto e dizem ele n\u00e3o foi debatido de forma suficiente.\n<\/p>\n<\/div>\n<div class=\"mc-column content-text active-extra-styles\" data-block-type=\"unstyled\" data-block-weight=\"53\">\n<p class=\"content-text__container\" data-track-category=\"Link no Texto\" data-track-links=\"data-track-links\">&#8220;Em sentido diametralmente oposto \u00e0 aprova\u00e7\u00e3o da Lei da Ficha Limpa, a sociedade civil foi absoluta e indevidamente alijada do processo de constru\u00e7\u00e3o do PLP 191\/23, n\u00e3o tendo havido debate p\u00fablico em rela\u00e7\u00e3o a tema de tamanha relev\u00e2ncia e que implica em enfraquecimento do projeto originalmente apresentado por iniciativa popular&#8221;, diz a nota.\n<\/p>\n<\/div>\n<div class=\"mc-column content-text active-extra-styles\" data-block-type=\"unstyled\" data-block-weight=\"9\">\n<p class=\"content-text__container\" data-track-category=\"Link no Texto\" data-track-links=\"data-track-links\">O senador\u00a0<a class=\"class\" href=\"https:\/\/12ft.io\/proxy?q=https%3A%2F%2Foglobo.globo.com%2Ftudo-sobre%2Fpolitico%2Feduardo-girao\" target=\"_parent\">Eduardo Gir\u00e3o<\/a>\u00a0(NOVO-CE) criticou o texto aprovado.\n<\/p>\n<\/div>\n<div class=\"mc-column content-text active-extra-styles\" data-block-type=\"unstyled\" data-block-weight=\"59\">\n<p class=\"content-text__container\" data-track-category=\"Link no Texto\" data-track-links=\"data-track-links\">\u2014 \u00c9 uma armadilha para a democracia e desfigura a lei da ficha limpa. Este texto permite que pol\u00edticos condenados voltem a disputar elei\u00e7\u00f5es, limitando a inelegibilidade a apenas 12 anos, mesmo com in\u00fameros processos de condena\u00e7\u00e3o. Al\u00e9m do mais, o texto deixa margem para interpreta\u00e7\u00f5es d\u00fabias quando fala em \u201ccomportamentos graves\u201d de parlamentares. Isto \u00e9 absurdo \u2014 afirmou.\n<\/p>\n<\/div>\n<div class=\"mc-column content-text active-extra-styles\" data-block-type=\"raw\" data-block-weight=\"4\">\n<p class=\"content-text__container\">\u00a0\n<\/p>\n<p><h2>Veja os principais pontos:<\/h2>\n<\/p>\n<\/div>\n<div class=\"mc-column content-text active-extra-styles\" data-block-type=\"raw\" data-block-weight=\"94\">\n<p class=\"content-text__container\">\u00a0\n<\/p>\n<ul class=\"content-unordered-list\">\n<li>O projeto reduz a dura\u00e7\u00e3o de inelegibilidade ao antecipar a contagem. Esse prazo continua sendo de oito anos, mas passaria a ser contado a partir do momento da condena\u00e7\u00e3o e n\u00e3o depois do cumprimento da pena.<\/li>\n<li>A iniciativa tamb\u00e9m estabelece um teto de 12 anos para o per\u00edodo de inelegibilidade.<\/li>\n<li>A iniciativa ainda determina que \u00e9 preciso comprovar o dolo quando o pol\u00edtico comete atos de improbidade.<\/li>\n<li>O texto tamb\u00e9m amplia de quatro para seis meses o per\u00edodo de desincompatibiliza\u00e7\u00e3o de candidatos que s\u00e3o integrantes do Minist\u00e9rio P\u00fablico, da Defensoria P\u00fablica, militares e policiais.<\/li>\n<\/ul>\n<\/div>\n<div class=\"mc-column content-text active-extra-styles\" data-block-type=\"unstyled\" data-block-weight=\"41\">\n<p class=\"content-text__container\" data-track-category=\"Link no Texto\" data-track-links=\"data-track-links\">Como mostrou O GLOBO, as mudan\u00e7as t\u00eam o potencial de beneficiar o ex-presidente da C\u00e2mara\u00a0<a class=\"class\" href=\"https:\/\/12ft.io\/proxy?q=https%3A%2F%2Foglobo.globo.com%2Ftudo-sobre%2Fpolitico%2Feduardo-cunha%2F\" target=\"_parent\">Eduardo Cunha<\/a>, que \u00e9 pai da deputada Dani Cunha (Uni\u00e3o-RJ), autora do projeto. Tamb\u00e9m seriam afetados os ex-governadores\u00a0<a class=\"class\" href=\"https:\/\/12ft.io\/proxy?q=https%3A%2F%2Foglobo.globo.com%2Ftudo-sobre%2Fpolitico%2Fanthony-garotinho%2F\" target=\"_parent\">Anthony Garotinho<\/a>\u00a0(RJ) e Jos\u00e9 Roberto Arruda (DF).\n<\/p>\n<\/div>\n<div class=\"mc-column content-text active-extra-styles\" data-block-type=\"unstyled\" data-block-weight=\"53\">\n<p class=\"content-text__container\" data-track-category=\"Link no Texto\" data-track-links=\"data-track-links\">Hoje, pol\u00edticos enquadrados por crimes comuns ficam ineleg\u00edveis durante o cumprimento da pena e por mais oito anos seguintes. Al\u00e9m de determinar a antecipa\u00e7\u00e3o da contagem desse prazo, o projeto limita a 12 anos o prazo m\u00e1ximo que a san\u00e7\u00e3o pode ser aplicada, mesmo nos casos em que houver mais de uma condena\u00e7\u00e3o.\n<\/p>\n<\/div>\n<div data-track-category=\"multicontent\" data-track-action=\"ultimo chunk conteudo\" data-track-noninteraction=\"false\" data-track-scroll=\"view\">\n<div class=\"mc-column content-text active-extra-styles\" data-block-type=\"unstyled\" data-block-weight=\"57\">\n<p class=\"content-text__container\" data-track-category=\"Link no Texto\" data-track-links=\"data-track-links\">A iniciativa tamb\u00e9m aumenta de quatro para seis meses antes das elei\u00e7\u00f5es o per\u00edodo de desincompatibiliza\u00e7\u00e3o, ou seja, o afastamento do cargo, para candidatos que sejam &#8220;membros do Minist\u00e9rio P\u00fablico, da Defensoria P\u00fablica, das autoridades policiais, civis e militares e daqueles que tenham ocupado cargo ou fun\u00e7\u00e3o de dire\u00e7\u00e3o, administra\u00e7\u00e3o ou representa\u00e7\u00e3o em entidades representativas de classe&#8221;.\n<\/p>\n<p class=\"content-text__container\" data-track-category=\"Link no Texto\" data-track-links=\"data-track-links\">\u00a0\n<\/p>\n<p class=\"content-text__container\" data-track-category=\"Link no Texto\" data-track-links=\"data-track-links\">Fonte: O Globo\n<\/p>\n<\/div>\n<\/div><\/div>\n<p><br \/>\n<br \/><a href=\"https:\/\/diariodobrasilnoticias.com.br\/noticia\/projeto-que-altera-a-lei-da-ficha-limpa-e-reduz-prazo-de-inelegibilidade-de-politicos-sera-votado-no-senado-nesta-quarta-feira-67dab50ee2f1a\">Source link <\/a><\/p>","protected":false},"excerpt":{"rendered":"<p>O Senado deve retomar, nesta quarta-feira, a vota\u00e7\u00e3o do projeto de lei que reduz o prazo de inelegibilidade para pol\u00edticos condenados definido pela Lei da Ficha Limpa. Em agosto do&hellip;<\/p>","protected":false},"author":1,"featured_media":112245,"comment_status":"closed","ping_status":"open","sticky":false,"template":"","format":"standard","meta":{"content-type":"","footnotes":""},"categories":[16],"tags":[123,2448,5313,1267],"class_list":["post-112244","post","type-post","status-publish","format-standard","has-post-thumbnail","hentry","category-noticias","tag-brasil","tag-diario","tag-noticia","tag-noticias"],"_links":{"self":[{"href":"https:\/\/tvbrazilusa.com\/pt\/wp-json\/wp\/v2\/posts\/112244","targetHints":{"allow":["GET"]}}],"collection":[{"href":"https:\/\/tvbrazilusa.com\/pt\/wp-json\/wp\/v2\/posts"}],"about":[{"href":"https:\/\/tvbrazilusa.com\/pt\/wp-json\/wp\/v2\/types\/post"}],"author":[{"embeddable":true,"href":"https:\/\/tvbrazilusa.com\/pt\/wp-json\/wp\/v2\/users\/1"}],"replies":[{"embeddable":true,"href":"https:\/\/tvbrazilusa.com\/pt\/wp-json\/wp\/v2\/comments?post=112244"}],"version-history":[{"count":1,"href":"https:\/\/tvbrazilusa.com\/pt\/wp-json\/wp\/v2\/posts\/112244\/revisions"}],"predecessor-version":[{"id":112246,"href":"https:\/\/tvbrazilusa.com\/pt\/wp-json\/wp\/v2\/posts\/112244\/revisions\/112246"}],"wp:featuredmedia":[{"embeddable":true,"href":"https:\/\/tvbrazilusa.com\/pt\/wp-json\/wp\/v2\/media\/112245"}],"wp:attachment":[{"href":"https:\/\/tvbrazilusa.com\/pt\/wp-json\/wp\/v2\/media?parent=112244"}],"wp:term":[{"taxonomy":"category","embeddable":true,"href":"https:\/\/tvbrazilusa.com\/pt\/wp-json\/wp\/v2\/categories?post=112244"},{"taxonomy":"post_tag","embeddable":true,"href":"https:\/\/tvbrazilusa.com\/pt\/wp-json\/wp\/v2\/tags?post=112244"}],"curies":[{"name":"wp","href":"https:\/\/api.w.org\/{rel}","templated":true}]}}