{"id":112259,"date":"2025-03-19T15:25:41","date_gmt":"2025-03-19T15:25:41","guid":{"rendered":"https:\/\/tvbrazilusa.com\/2025\/03\/19\/ex-namorado-de-vitoria-assume-assassinato\/"},"modified":"2025-03-19T15:25:43","modified_gmt":"2025-03-19T15:25:43","slug":"ex-namorado-de-vitoria-assume-assassinato","status":"publish","type":"post","link":"https:\/\/tvbrazilusa.com\/pt\/2025\/03\/19\/ex-namorado-de-vitoria-assume-assassinato\/","title":{"rendered":"Ex-namorado de Vit\u00f3ria assume assassinato"},"content":{"rendered":"<p> <script async src=\"https:\/\/pagead2.googlesyndication.com\/pagead\/js\/adsbygoogle.js?client=ca-pub-8864793242727901\"\r\n     crossorigin=\"anonymous\"><\/script><br \/>\n<\/p>\n<div id=\"taboola-read-more\" style=\"display:block; width:100%\">\n<p>Em depoimento realizado no in\u00edcio da madrugada dessa ter\u00e7a-feira (18), Maicol dos Santos assumiu a autoria do crime que vitimou Vit\u00f3ria Regina de Sousa, em Cajamar, na Grande S\u00e3o Paulo. De acordo com ele, a jovem de 17 anos teria amea\u00e7ado revelar um caso entre eles para a atual companheira de Maicol.\n<\/p>\n<p>O caso Vit\u00f3ria est\u00e1 resolvido para Pol\u00edcia Civil de S\u00e3o Paulo. Foi essa a ess\u00eancia do discurso dos delegados Luiz Carlos do Carmo, Diretor do Departamento de Pol\u00edcia Judici\u00e1ria da Macro S\u00e3o Paulo (Demacro) e F\u00e1bio Cenachi, titular do DP de Cajamar, durante entrevista coletiva concedida na manh\u00e3 dessa ter\u00e7a-feira. Os investigadores tem convic\u00e7\u00e3o de que as provas coletadas, exames periciais e a confiss\u00e3o do principal suspeito explicam a din\u00e2mica e esclarecem o crime.<\/p>\n<p>Durante depoimento, uma revela\u00e7\u00e3o chamou a aten\u00e7\u00e3o para uma poss\u00edvel envolvimento entre Maicol e Vit\u00f3ria, cerca de um ano antes da morte da jovem. Contudo, de acordo com a pol\u00edcia, a confirma\u00e7\u00e3o dessa possibilidade n\u00e3o foi esclarecida, uma vez que s\u00f3 veio a tona em afirma\u00e7\u00f5es feitas pelo preso.\n<\/p>\n<p>Depoimento e amea\u00e7a<br \/>O suspeito e agora apontado como \u00fanico autor do crime disse aos policiais que a jovem teria amea\u00e7ado contar para sua esposa sobre um envolvimento entre eles, cerca de um ano antes do crime. O depoimento detalha a luta corporal entre os dois.\n<\/p>\n<p>O depoimento de Maicol concentra-se principalmente nas a\u00e7\u00f5es de Vit\u00f3ria e no contexto do encontro fatal. Maicol afirma ter tido um \u201cenvolvimento\u201d com Vit\u00f3ria no in\u00edcio de seu relacionamento com a atual companheira. Ele relata que abordou Vit\u00f3ria pedindo que ela n\u00e3o contasse \u00e0 esposa sobre o relacionamento entre eles.\n<\/p>\n<p>Durante uma discuss\u00e3o, Maicol afirma que Vit\u00f3ria o agarrou pelo pesco\u00e7o, causando-lhe arranh\u00f5es. Ele tamb\u00e9m menciona que a a\u00e7\u00e3o a machucou, causando um sangramento em seu superc\u00edlio esquerdo. A agress\u00e3o ocorreu no carro dele, durante uma discuss\u00e3o.\n<\/p>\n<p>No depoimento, Maicol detalha os eventos posteriores \u00e0 agress\u00e3o, incluindo o transporte do corpo de Vit\u00f3ria, a tentativa de oculta\u00e7\u00e3o e a queima dos pertences dela.\n<\/p>\n<p>Entenda como jovem foi morta<br \/>A morte da jovem Vit\u00f3ria Regina, de 17 anos, est\u00e1 esclarecida, segundo a pol\u00edcia. Em coletiva de imprensa realizada na manh\u00e3 de hoje (18), a equipe de investiga\u00e7\u00e3o detalhou o crime, falou sobre a confiss\u00e3o do \u00fanico suspeito preso at\u00e9 ent\u00e3o, al\u00e9m de dar detalhes da motiva\u00e7\u00e3o e da din\u00e2mica do assassinato, que aconteceu em Cajamar, regi\u00e3o metropolitana de S\u00e3o Paulo.\n<\/p>\n<p>Abaixo, a CNN detalha tudo que foi revelado pelos investigadores sobre o crime:\n<\/p>\n<p>Segundo a investiga\u00e7\u00e3o, Maicol dos Santos \u00e9 o \u00fanico respons\u00e1vel pela morte de Vit\u00f3ria. N\u00e3o h\u00e1 ind\u00edcios, at\u00e9 o momento, de que Maicol teve algum tipo de ajuda de outra pessoa para conseguir sequestrar e matar Vit\u00f3ria.\n<\/p>\n<p>A pol\u00edcia tamb\u00e9m descarta, neste momento, a participa\u00e7\u00e3o de outras pessoas na desova do corpo da jovem, que foi deixado em uma \u00e1rea de mata em Cajamar.\n<\/p>\n<p>A pol\u00edcia revelou que Maicol era obcecado por Vit\u00f3ria. Ele a seguia em todas as redes sociais desde o ano passado, bem como sabia exatamente o caminho que ela fazia quando sa\u00eda de casa.\n<\/p>\n<p>A investiga\u00e7\u00e3o descarta que houvesse qualquer tipo de relacionamento entre os dois.\n<\/p>\n<p>A \u00fanica liga\u00e7\u00e3o, at\u00e9 este momento, \u00e9 que eles moravam na mesma regi\u00e3o e se conheciam somente da vizinhan\u00e7a.\n<\/p>\n<p>Vit\u00f3ria foi sequestrada por Maicol no ponto final do \u00f4nibus que ela utilizou na noite do dia 26 de fevereiro. A jovem voltava para casa ap\u00f3s um dia de trabalho.\n<\/p>\n<p>Seu pai, que normalmente ia at\u00e9 o local para busc\u00e1-la, teve problemas em seu ve\u00edculo e n\u00e3o conseguiu ir.\n<\/p>\n<p>Neste momento, Vit\u00f3ria foi abordada por Maicol, que ofereceu uma carona para a jovem. Como eles se conheciam de vizinhan\u00e7a, ela aceitou a carona para voltar para casa.\n<\/p>\n<p>Segundo a pol\u00edcia, a morte de Vit\u00f3ria aconteceu logo depois de ter entrado no ve\u00edculo de Maicol. Ainda n\u00e3o est\u00e1 claro o que aconteceu dentro do ve\u00edculo, mas Vit\u00f3ria reagiu a alguma abordagem de Maicol e se debateu no autom\u00f3vel.\n<\/p>\n<p>Foi quando, diante da rea\u00e7\u00e3o, Maicol pegou uma faca e atingiu a jovem com golpes na regi\u00e3o do pesco\u00e7o. Os golpes foram fatais, causando a morte de Vit\u00f3ria.\n<\/p>\n<p>Maicol, ent\u00e3o, joga Vit\u00f3ria em uma \u00e1rea de mata em Cajamar. O corpo da jovem s\u00f3 foi encontrado no dia 05 de mar\u00e7o, uma semana ap\u00f3s o desaparecimento\n<\/p>\n<p>Segundo a pol\u00edcia, o corpo de Vit\u00f3ria ficou no local de cinco a sete dias, refor\u00e7ando a tese de que ela foi morto logo depois de entrar no ve\u00edculo de Maicol.\n<\/p>\n<p>Fonte: CNN Brasil              <\/p>\n<\/div>\n<p><br \/>\n<br \/><a href=\"https:\/\/diariodobrasilnoticias.com.br\/noticia\/ex-namorado-de-vitoria-assume-assassinato-67dacaf34f2a7\">Source link <\/a><\/p>","protected":false},"excerpt":{"rendered":"<p>Em depoimento realizado no in\u00edcio da madrugada dessa ter\u00e7a-feira (18), Maicol dos Santos assumiu a autoria do crime que vitimou Vit\u00f3ria Regina de Sousa, em Cajamar, na Grande S\u00e3o Paulo.&hellip;<\/p>","protected":false},"author":1,"featured_media":112260,"comment_status":"closed","ping_status":"open","sticky":false,"template":"","format":"standard","meta":{"content-type":"","footnotes":""},"categories":[16],"tags":[123,2448,5313,1267],"class_list":["post-112259","post","type-post","status-publish","format-standard","has-post-thumbnail","hentry","category-noticias","tag-brasil","tag-diario","tag-noticia","tag-noticias"],"_links":{"self":[{"href":"https:\/\/tvbrazilusa.com\/pt\/wp-json\/wp\/v2\/posts\/112259","targetHints":{"allow":["GET"]}}],"collection":[{"href":"https:\/\/tvbrazilusa.com\/pt\/wp-json\/wp\/v2\/posts"}],"about":[{"href":"https:\/\/tvbrazilusa.com\/pt\/wp-json\/wp\/v2\/types\/post"}],"author":[{"embeddable":true,"href":"https:\/\/tvbrazilusa.com\/pt\/wp-json\/wp\/v2\/users\/1"}],"replies":[{"embeddable":true,"href":"https:\/\/tvbrazilusa.com\/pt\/wp-json\/wp\/v2\/comments?post=112259"}],"version-history":[{"count":1,"href":"https:\/\/tvbrazilusa.com\/pt\/wp-json\/wp\/v2\/posts\/112259\/revisions"}],"predecessor-version":[{"id":112261,"href":"https:\/\/tvbrazilusa.com\/pt\/wp-json\/wp\/v2\/posts\/112259\/revisions\/112261"}],"wp:featuredmedia":[{"embeddable":true,"href":"https:\/\/tvbrazilusa.com\/pt\/wp-json\/wp\/v2\/media\/112260"}],"wp:attachment":[{"href":"https:\/\/tvbrazilusa.com\/pt\/wp-json\/wp\/v2\/media?parent=112259"}],"wp:term":[{"taxonomy":"category","embeddable":true,"href":"https:\/\/tvbrazilusa.com\/pt\/wp-json\/wp\/v2\/categories?post=112259"},{"taxonomy":"post_tag","embeddable":true,"href":"https:\/\/tvbrazilusa.com\/pt\/wp-json\/wp\/v2\/tags?post=112259"}],"curies":[{"name":"wp","href":"https:\/\/api.w.org\/{rel}","templated":true}]}}