{"id":112265,"date":"2025-03-19T15:44:50","date_gmt":"2025-03-19T15:44:50","guid":{"rendered":"https:\/\/tvbrazilusa.com\/2025\/03\/19\/pesquisa-da-quaest-revela-que-tarcisio-tem-68-de-confianca-do-mercado-enquanto-lula-possui-apenas-3\/"},"modified":"2025-03-19T15:44:52","modified_gmt":"2025-03-19T15:44:52","slug":"pesquisa-da-quaest-revela-que-tarcisio-tem-68-de-confianca-do-mercado-enquanto-lula-possui-apenas-3","status":"publish","type":"post","link":"https:\/\/tvbrazilusa.com\/pt\/2025\/03\/19\/pesquisa-da-quaest-revela-que-tarcisio-tem-68-de-confianca-do-mercado-enquanto-lula-possui-apenas-3\/","title":{"rendered":"Pesquisa da Quaest revela que Tarc\u00edsio tem 68% de confian\u00e7a do mercado, enquanto Lula possui apenas 3%"},"content":{"rendered":"<p> <script async src=\"https:\/\/pagead2.googlesyndication.com\/pagead\/js\/adsbygoogle.js?client=ca-pub-8864793242727901\"\r\n     crossorigin=\"anonymous\"><\/script><br \/>\n<\/p>\n<div id=\"taboola-read-more\" style=\"display:block; width:100%\">\n<p>O governador do estado de S\u00e3o Paulo, Tarc\u00edsio de Freitas (Republicanos), det\u00e9m a confian\u00e7a de 68% do mercado financeiro, segundo a pesquisa Genial\/Quaest divulgada nesta quarta-feira (18).\n<\/p>\n<p>Outros 6% confiam pouco ou nada no governador, enquanto 26% dizem confiar mais ou menos.<\/p>\n<p>J\u00e1 o presidente da Rep\u00fablica, Luiz In\u00e1cio Lula da Silva (PT), tem a confian\u00e7a de 3% dos agentes econ\u00f4micos. Enquanto isso, 4% confiam mais ou menos e 93% pouco ou nada no chefe do Executivo federal.\n<\/p>\n<p>Os governadores Romeu Zema (Novo-MG), Ratinho Jr. (PSD-PR) e Ronaldo Caiado (Uni\u00e3o Brasil-GO) tamb\u00e9m aparecem no topo da lista, acumulando confian\u00e7a de, respectivamente, 36%, 23% e 17% do mercado.\n<\/p>\n<p>Eles superam a confian\u00e7a alta que os investidores t\u00eam no presidente do Banco Central (BC), Gabriel Gal\u00edpolo (10%), e no ministro da Fazenda, Fernando Haddad (5%).\n<\/p>\n<p>Dos nomes pesquisados, o membro do governo de pior avalia\u00e7\u00e3o \u00e9 a ministra do Planejamento e Or\u00e7amento, Simone Tebet, que tem muita confian\u00e7a de 2% do mercado. 17% responderam mais ou menos e 81% pouco ou nada.\n<\/p>\n<p>Os presidentes da C\u00e2mara dos Deputados e do Senado, Hugo Motta (Republicanos-PB) e Davi Alcolumbre (Uni\u00e3o Brasil-AP), respectivamente, aparecem nas \u00faltimas posi\u00e7\u00f5es.\n<\/p>\n<p>S\u00e3o 19% os que confiam mais ou menos em Motta, enquanto 81% confiam pouco ou nada. Enquanto isso, 9% responderam mais ou menos sobre Alcolumbre; e 91%, pouco ou nada.\n<\/p>\n<p>A pesquisa foi feita entre os dias 12 e 17 de mar\u00e7o. Foram realizadas entrevistas on-line, atrav\u00e9s de aplica\u00e7\u00e3o de question\u00e1rios estruturados, com 106 fundos de investimentos sediados em S\u00e3o Paulo e no Rio de Janeiro.<\/p>\n<p>Fonte: CNN Brasil              <\/p>\n<\/div>\n<p><br \/>\n<br \/><a href=\"https:\/\/diariodobrasilnoticias.com.br\/noticia\/pesquisa-da-quaest-revela-que-tarcisio-tem-68-de-confianca-do-mercado-enquanto-lula-possui-apenas-3-67dacbf13c624\">Source link <\/a><\/p>","protected":false},"excerpt":{"rendered":"<p>O governador do estado de S\u00e3o Paulo, Tarc\u00edsio de Freitas (Republicanos), det\u00e9m a confian\u00e7a de 68% do mercado financeiro, segundo a pesquisa Genial\/Quaest divulgada nesta quarta-feira (18). Outros 6% confiam&hellip;<\/p>","protected":false},"author":1,"featured_media":112266,"comment_status":"closed","ping_status":"open","sticky":false,"template":"","format":"standard","meta":{"content-type":"","footnotes":""},"categories":[16],"tags":[123,2448,5313,1267],"class_list":["post-112265","post","type-post","status-publish","format-standard","has-post-thumbnail","hentry","category-noticias","tag-brasil","tag-diario","tag-noticia","tag-noticias"],"_links":{"self":[{"href":"https:\/\/tvbrazilusa.com\/pt\/wp-json\/wp\/v2\/posts\/112265","targetHints":{"allow":["GET"]}}],"collection":[{"href":"https:\/\/tvbrazilusa.com\/pt\/wp-json\/wp\/v2\/posts"}],"about":[{"href":"https:\/\/tvbrazilusa.com\/pt\/wp-json\/wp\/v2\/types\/post"}],"author":[{"embeddable":true,"href":"https:\/\/tvbrazilusa.com\/pt\/wp-json\/wp\/v2\/users\/1"}],"replies":[{"embeddable":true,"href":"https:\/\/tvbrazilusa.com\/pt\/wp-json\/wp\/v2\/comments?post=112265"}],"version-history":[{"count":1,"href":"https:\/\/tvbrazilusa.com\/pt\/wp-json\/wp\/v2\/posts\/112265\/revisions"}],"predecessor-version":[{"id":112267,"href":"https:\/\/tvbrazilusa.com\/pt\/wp-json\/wp\/v2\/posts\/112265\/revisions\/112267"}],"wp:featuredmedia":[{"embeddable":true,"href":"https:\/\/tvbrazilusa.com\/pt\/wp-json\/wp\/v2\/media\/112266"}],"wp:attachment":[{"href":"https:\/\/tvbrazilusa.com\/pt\/wp-json\/wp\/v2\/media?parent=112265"}],"wp:term":[{"taxonomy":"category","embeddable":true,"href":"https:\/\/tvbrazilusa.com\/pt\/wp-json\/wp\/v2\/categories?post=112265"},{"taxonomy":"post_tag","embeddable":true,"href":"https:\/\/tvbrazilusa.com\/pt\/wp-json\/wp\/v2\/tags?post=112265"}],"curies":[{"name":"wp","href":"https:\/\/api.w.org\/{rel}","templated":true}]}}