{"id":112268,"date":"2025-03-19T15:40:40","date_gmt":"2025-03-19T15:40:40","guid":{"rendered":"https:\/\/tvbrazilusa.com\/2025\/03\/19\/o-bairro-de-lavilla-busca-reconhecimento-historico-nacional-jacksonville-hoje\/"},"modified":"2025-03-19T15:48:28","modified_gmt":"2025-03-19T15:48:28","slug":"o-bairro-de-lavilla-busca-reconhecimento-historico-nacional-jacksonville-hoje","status":"publish","type":"post","link":"https:\/\/tvbrazilusa.com\/pt\/2025\/03\/19\/o-bairro-de-lavilla-busca-reconhecimento-historico-nacional-jacksonville-hoje\/","title":{"rendered":"O bairro de LaVilla busca reconhecimento hist\u00f3rico nacional | Jacksonville hoje"},"content":{"rendered":"<p> <script async src=\"https:\/\/pagead2.googlesyndication.com\/pagead\/js\/adsbygoogle.js?client=ca-pub-8864793242727901\"\r\n     crossorigin=\"anonymous\"><\/script><br \/>\n<\/p>\n<div>\n<p>Jacksonville&#8217;s <a href=\"https:\/\/jaxtoday.org\/2024\/12\/18\/the-jaxson-6-major-projects-planned-for-lavilla\/\">Bairro mais antigo<\/a> &#8211; e um dos mais antigos comunidades de geechee de Gullah da cidade &#8211; est\u00e1 sendo indicado para um lugar no <a href=\"https:\/\/www.nps.gov\/subjects\/nationalregister\/index.htm\" rel=\"nofollow noopener\" target=\"_blank\">Registro Nacional de Lugares Hist\u00f3ricos<\/a>.<\/p>\n<p>A oeste de Downtown, LaVilla foi criado em meados do s\u00e9culo XIX e em seu auge era o centro da cultura, entretenimento e com\u00e9rcio afro -americanos por mais de um s\u00e9culo. <\/p>\n<p>Cerca de uma d\u00fazia de edif\u00edcios permanecem desde o per\u00edodo anterior ao grande inc\u00eandio de Jacksonville de 1901, que destruiu mais de 2.000 edif\u00edcios.<\/p>\n<p>O organizador de preserva\u00e7\u00e3o de lavilla Adrian Swanigan diz que faz de Lavilla <a href=\"https:\/\/jaxtoday.org\/2024\/10\/23\/lavilla-buildings-landmarks\/\">estruturas sobreviventes<\/a> Historicamente significativo e todo o bairro digno de um lugar no Registro Nacional.<\/p>\n<p>&#8220;Essas indica\u00e7\u00f5es ajudam a estabelecer esse bairro para serem atraentes para o investimento e tamb\u00e9m protegendo as coisas em perpetuidade, voc\u00ea sabe, o tecido cultural deste bairro&#8221;, disse Swanigan quando o esfor\u00e7o foi anunciado na ter\u00e7a -feira. &#8220;Existem muitas vantagens que acompanham n\u00f3s tendo essa indica\u00e7\u00e3o real.&#8221;  <\/p>\n<p>Lavilla foi um centro cultural significativo para blues, jazz e ragtime. Foi considerado a sede do sul do que ficou conhecido como Circuito de Chitlin. Ele teve o primeiro desempenho p\u00fablico de blues no Airdome de Lavilla em 1910, e abrigou a maior esta\u00e7\u00e3o de trem ao sul de Washington, DC &#8211; o Terminal de Jacksonville, que foi inaugurado em 1919 e agora faz parte do Prime Osborn Convention Center. <\/p>\n<p>Se o Lavilla fosse listado no Registro Nacional de Lugares Hist\u00f3ricos, o Servi\u00e7o de Parques dos EUA teria que dar permiss\u00e3o antes que qualquer edif\u00edcio pudesse ser alterado ou demolido.<\/p>\n<figure class=\"wp-block-image size-large\"><figcaption class=\"wp-element-caption\">Lavilla est\u00e1 reconstruindo. Uma das mais recentes adi\u00e7\u00f5es \u00e9 o elevador Evry Voice e Sing Park, que homenageia o escritor James Weldon Johnson e o compositor John Rosamond Johnson, que cresceram na comunidade. | Michelle Corum, Jacksonville hoje<\/figcaption><\/figure>\n<p>Ennis Davis \u00e9 um historiador e planejador principal do projeto e compartilhou alguns detalhes sobre a iniciativa. <\/p>\n<p>Uma pesquisa de fase 1 foi usada para &#8220;atualizar, avaliar e entender as propriedades aqui de um significado arquitet\u00f4nico, cultural, arqueol\u00f3gico e hist\u00f3rico que abrir\u00e1 o caminho para o processo de nomea\u00e7\u00e3o oficial&#8221;, disse Davis.<\/p>\n<p>A Fase I fornece uma pesquisa de recursos hist\u00f3ricos atualizados que lista o Globe Theatre (agora a Miss\u00e3o Clara White), Grand Lodge na 410 Broad St. e Stanton School (a Primeira Escola Afro -Americana da Fl\u00f3rida) como edif\u00edcios ainda em p\u00e9. <\/p>\n<p>A segunda fase \u00e9 o desenvolvimento de uma indica\u00e7\u00e3o ao Registro Nacional, que deve ser conclu\u00eddo at\u00e9 o final deste ano.<\/p>\n<p>&#8220;Trabalharemos pelos pr\u00f3ximos seis meses com o Escrit\u00f3rio de Preserva\u00e7\u00e3o Hist\u00f3rica da Cidade de Jacksonville, o Escrit\u00f3rio de Preserva\u00e7\u00e3o Hist\u00f3rica do Estado e os revisores do Servi\u00e7o Nacional de Parques para determinar o limite hist\u00f3rico&#8221;, disse Davis.<\/p>\n<p>Para obter mais informa\u00e7\u00f5es sobre a preserva\u00e7\u00e3o de lavilla, v\u00e1 para <a href=\"http:\/\/www.lavillauptown.org\" rel=\"nofollow noopener\" target=\"_blank\"><strong>Lavillauptown.org<\/strong><\/a><strong>.<\/strong><\/p>\n<\/div>\n<p><br \/>\n<br \/><a href=\"https:\/\/jaxtoday.org\/2025\/03\/19\/lavilla-national-register-historic-places\/\">Source link <\/a><\/p>","protected":false},"excerpt":{"rendered":"<p>Jacksonville&#8217;s Bairro mais antigo &#8211; e um dos mais antigos comunidades de geechee de Gullah da cidade &#8211; est\u00e1 sendo indicado para um lugar no Registro Nacional de Lugares Hist\u00f3ricos.&hellip;<\/p>","protected":false},"author":1,"featured_media":112269,"comment_status":"closed","ping_status":"open","sticky":false,"template":"","format":"standard","meta":{"content-type":"","footnotes":""},"categories":[1],"tags":[],"class_list":["post-112268","post","type-post","status-publish","format-standard","has-post-thumbnail","hentry","category-uncategorized"],"_links":{"self":[{"href":"https:\/\/tvbrazilusa.com\/pt\/wp-json\/wp\/v2\/posts\/112268","targetHints":{"allow":["GET"]}}],"collection":[{"href":"https:\/\/tvbrazilusa.com\/pt\/wp-json\/wp\/v2\/posts"}],"about":[{"href":"https:\/\/tvbrazilusa.com\/pt\/wp-json\/wp\/v2\/types\/post"}],"author":[{"embeddable":true,"href":"https:\/\/tvbrazilusa.com\/pt\/wp-json\/wp\/v2\/users\/1"}],"replies":[{"embeddable":true,"href":"https:\/\/tvbrazilusa.com\/pt\/wp-json\/wp\/v2\/comments?post=112268"}],"version-history":[{"count":1,"href":"https:\/\/tvbrazilusa.com\/pt\/wp-json\/wp\/v2\/posts\/112268\/revisions"}],"predecessor-version":[{"id":112270,"href":"https:\/\/tvbrazilusa.com\/pt\/wp-json\/wp\/v2\/posts\/112268\/revisions\/112270"}],"wp:featuredmedia":[{"embeddable":true,"href":"https:\/\/tvbrazilusa.com\/pt\/wp-json\/wp\/v2\/media\/112269"}],"wp:attachment":[{"href":"https:\/\/tvbrazilusa.com\/pt\/wp-json\/wp\/v2\/media?parent=112268"}],"wp:term":[{"taxonomy":"category","embeddable":true,"href":"https:\/\/tvbrazilusa.com\/pt\/wp-json\/wp\/v2\/categories?post=112268"},{"taxonomy":"post_tag","embeddable":true,"href":"https:\/\/tvbrazilusa.com\/pt\/wp-json\/wp\/v2\/tags?post=112268"}],"curies":[{"name":"wp","href":"https:\/\/api.w.org\/{rel}","templated":true}]}}