{"id":11228,"date":"2024-07-29T12:48:07","date_gmt":"2024-07-29T12:48:07","guid":{"rendered":"https:\/\/tvbrazilusa.com\/2024\/07\/29\/vandalismo-atinge-linhas-de-comunicacao-na-franca-durante-as-olimpiadas-de-paris\/"},"modified":"2024-07-29T12:57:07","modified_gmt":"2024-07-29T12:57:07","slug":"vandalismo-atinge-linhas-de-comunicacao-na-franca-durante-as-olimpiadas-de-paris","status":"publish","type":"post","link":"https:\/\/tvbrazilusa.com\/pt\/2024\/07\/29\/vandalismo-atinge-linhas-de-comunicacao-na-franca-durante-as-olimpiadas-de-paris\/","title":{"rendered":"Vandalismo atinge linhas de comunica\u00e7\u00e3o na Fran\u00e7a durante as Olimp\u00edadas de Paris"},"content":{"rendered":"<script async src=\"https:\/\/pagead2.googlesyndication.com\/pagead\/js\/adsbygoogle.js?client=ca-pub-8864793242727901\"\r\n     crossorigin=\"anonymous\"><\/script>\n<div id=\"\">\n<p class=\"dist__Box-sc-1fnzlkn-0 dist__TextBase-sc-1fnzlkn-3 CGHCP htMUPQ article-text\"><strong>PARIS<\/strong> \u2013 O governo franc\u00eas diz que v\u00e1rias linhas de telecomunica\u00e7\u00f5es foram atingidas por atos de vandalismo, afetando linhas de fibra e linhas de telefonia fixa e m\u00f3vel, enquanto cidades ao redor da Fran\u00e7a est\u00e3o sediando eventos para o <a href=\"https:\/\/apnews.com\/hub\/2024-paris-olympic-games\">Olimp\u00edadas de Paris 2024<\/a>.<\/p>\n<p class=\"dist__Box-sc-1fnzlkn-0 dist__TextBase-sc-1fnzlkn-3 CGHCP htMUPQ article-text\">A escala do impacto n\u00e3o \u00e9 clara, assim como se afetou alguma atividade ol\u00edmpica. O vandalismo ocorreu depois <a href=\"https:\/\/apnews.com\/article\/france-trains-olympics-74c9727d33ac86bfc126f98e45cb874f\">ataques incendi\u00e1rios atingem redes ferrovi\u00e1rias<\/a> na Fran\u00e7a na sexta-feira, horas antes do <a href=\"https:\/\/apnews.com\/article\/olympics-2024-paris-olympics-france-sabotage-9ed330cb83d89d68092ac5858c0fe590\">Cerim\u00f4nia de abertura das Olimp\u00edadas<\/a>.<\/p>\n<p class=\"dist__Box-sc-1fnzlkn-0 dist__TextBase-sc-1fnzlkn-3 CGHCP htMUPQ article-text\">Marina Ferrari, secret\u00e1ria de estado respons\u00e1vel por assuntos digitais, postou no X que danos em v\u00e1rias regi\u00f5es durante a noite de domingo para segunda afetaram operadoras de telecomunica\u00e7\u00f5es. Ela disse que isso levou a um impacto localizado no acesso a linhas de fibra e linhas telef\u00f4nicas fixas e m\u00f3veis. <\/p>\n<p class=\"dist__Box-sc-1fnzlkn-0 dist__TextBase-sc-1fnzlkn-3 CGHCP htMUPQ article-text\">Os organizadores das Olimp\u00edadas de Paris 2024 n\u00e3o quiseram comentar imediatamente.<\/p>\n<p class=\"dist__Box-sc-1fnzlkn-0 dist__TextBase-sc-1fnzlkn-3 CGHCP htMUPQ article-text\">Um oficial da pol\u00edcia francesa disse que pelo menos seis departamentos administrativos da Fran\u00e7a foram afetados, o que inclui a regi\u00e3o ao redor da cidade mediterr\u00e2nea de Marselha, que hospeda <a href=\"https:\/\/apnews.com\/article\/olympics-2024-womens-soccer-canada-38f4cab147e62f5df80fadec5a1023cc\">Futebol ol\u00edmpico<\/a> e <a href=\"https:\/\/apnews.com\/article\/2024-olympics-sailing-windsurf-skiff-0a108f1b5d7e800c6aca69e80f29b7fd\">competi\u00e7\u00f5es de vela<\/a>. <\/p>\n<p class=\"dist__Box-sc-1fnzlkn-0 dist__TextBase-sc-1fnzlkn-3 CGHCP htMUPQ article-text\">As operadoras de telecomunica\u00e7\u00f5es Bouygues e Free confirmaram que seus servi\u00e7os foram afetados. Reportagens da m\u00eddia francesa disseram que as linhas operadas pela provedora SFR tamb\u00e9m foram atingidas. A empresa controladora da Free disse que suas equipes est\u00e3o mobilizadas para restaurar os servi\u00e7os. <\/p>\n<p class=\"dist__Box-sc-1fnzlkn-0 dist__TextBase-sc-1fnzlkn-3 CGHCP htMUPQ article-text\">A operadora Free disse na segunda-feira que um \u201cincidente que afeta v\u00e1rias redes est\u00e1 em andamento em 11 departamentos\u201d, incluindo Marselha. <\/p>\n<p class=\"dist__Box-sc-1fnzlkn-0 dist__TextBase-sc-1fnzlkn-3 CGHCP htMUPQ article-text\">\u201cTodas as nossas equipes foram mobilizadas para resolver a situa\u00e7\u00e3o\u201d, disse Free em um comunicado. <\/p>\n<p class=\"dist__Box-sc-1fnzlkn-0 dist__TextBase-sc-1fnzlkn-3 CGHCP htMUPQ article-text\">Uma investiga\u00e7\u00e3o nacional est\u00e1 em andamento sobre a sabotagem de trem da semana passada, que interrompeu a viagem de quase um milh\u00e3o de passageiros na Fran\u00e7a, bem como pessoas em Londres e em outros pa\u00edses vizinhos. O tr\u00e1fego de trens foi amplamente retomado na segunda-feira.<\/p>\n<p class=\"dist__Box-sc-1fnzlkn-0 dist__TextBase-sc-1fnzlkn-3 CGHCP htMUPQ article-text\">A m\u00eddia francesa informou que um ativista de extrema esquerda foi preso em uma instala\u00e7\u00e3o ferrovi\u00e1ria no domingo na regi\u00e3o de Seine-Maritime, no oeste da Fran\u00e7a. Mas o gabinete do promotor de Paris disse que n\u00e3o tinha conex\u00e3o com o que aconteceu na sexta-feira e que ningu\u00e9m foi preso at\u00e9 agora na investiga\u00e7\u00e3o nacional sobre os ataques incendi\u00e1rios.<\/p>\n<\/div>\n<p>Copyright 2024 The Associated Press. Todos os direitos reservados. Este material n\u00e3o pode ser publicado, transmitido, reescrito ou redistribu\u00eddo sem permiss\u00e3o.<\/p>\n<p><br \/>\n<br \/><a href=\"https:\/\/www.clickorlando.com\/news\/world\/2024\/07\/29\/vandalism-hits-communication-lines-in-france-during-paris-olympics\/\">Source link <\/a><\/p>","protected":false},"excerpt":{"rendered":"<p>PARIS \u2013 O governo franc\u00eas diz que v\u00e1rias linhas de telecomunica\u00e7\u00f5es foram atingidas por atos de vandalismo, afetando linhas de fibra e linhas de telefonia fixa e m\u00f3vel, enquanto cidades&hellip;<\/p>","protected":false},"author":1,"featured_media":11229,"comment_status":"closed","ping_status":"open","sticky":false,"template":"","format":"standard","meta":{"content-type":"","footnotes":""},"categories":[1],"tags":[1463,1419,1462,1794],"class_list":["post-11228","post","type-post","status-publish","format-standard","has-post-thumbnail","hentry","category-uncategorized","tag-esportes","tag-noticias-do-mundo","tag-olimpiadas","tag-tecnologia"],"_links":{"self":[{"href":"https:\/\/tvbrazilusa.com\/pt\/wp-json\/wp\/v2\/posts\/11228","targetHints":{"allow":["GET"]}}],"collection":[{"href":"https:\/\/tvbrazilusa.com\/pt\/wp-json\/wp\/v2\/posts"}],"about":[{"href":"https:\/\/tvbrazilusa.com\/pt\/wp-json\/wp\/v2\/types\/post"}],"author":[{"embeddable":true,"href":"https:\/\/tvbrazilusa.com\/pt\/wp-json\/wp\/v2\/users\/1"}],"replies":[{"embeddable":true,"href":"https:\/\/tvbrazilusa.com\/pt\/wp-json\/wp\/v2\/comments?post=11228"}],"version-history":[{"count":1,"href":"https:\/\/tvbrazilusa.com\/pt\/wp-json\/wp\/v2\/posts\/11228\/revisions"}],"predecessor-version":[{"id":11230,"href":"https:\/\/tvbrazilusa.com\/pt\/wp-json\/wp\/v2\/posts\/11228\/revisions\/11230"}],"wp:featuredmedia":[{"embeddable":true,"href":"https:\/\/tvbrazilusa.com\/pt\/wp-json\/wp\/v2\/media\/11229"}],"wp:attachment":[{"href":"https:\/\/tvbrazilusa.com\/pt\/wp-json\/wp\/v2\/media?parent=11228"}],"wp:term":[{"taxonomy":"category","embeddable":true,"href":"https:\/\/tvbrazilusa.com\/pt\/wp-json\/wp\/v2\/categories?post=11228"},{"taxonomy":"post_tag","embeddable":true,"href":"https:\/\/tvbrazilusa.com\/pt\/wp-json\/wp\/v2\/tags?post=11228"}],"curies":[{"name":"wp","href":"https:\/\/api.w.org\/{rel}","templated":true}]}}