{"id":11247,"date":"2024-07-29T13:12:06","date_gmt":"2024-07-29T13:12:06","guid":{"rendered":"https:\/\/tvbrazilusa.com\/2024\/07\/29\/como-o-choque-das-inundacoes-catastroficas-esta-mudando-a-agricultura-em-vermont\/"},"modified":"2024-07-29T13:17:50","modified_gmt":"2024-07-29T13:17:50","slug":"como-o-choque-das-inundacoes-catastroficas-esta-mudando-a-agricultura-em-vermont","status":"publish","type":"post","link":"https:\/\/tvbrazilusa.com\/pt\/2024\/07\/29\/como-o-choque-das-inundacoes-catastroficas-esta-mudando-a-agricultura-em-vermont\/","title":{"rendered":"Como o choque das inunda\u00e7\u00f5es catastr\u00f3ficas est\u00e1 mudando a agricultura em Vermont"},"content":{"rendered":"<p> <script async src=\"https:\/\/pagead2.googlesyndication.com\/pagead\/js\/adsbygoogle.js?client=ca-pub-8864793242727901\"\r\n     crossorigin=\"anonymous\"><\/script><br \/>\n<\/p>\n<div id=\"\">\n<header class=\"m-article-header m-article-header--standard\">\n\t\t\t\t\t\t\t\t\t\t\t\t<span id=\"article-header-primary-term\"><br \/>\n\t\t\t\t\t\t\t\t<a class=\"a-term a-term--primary\" href=\"https:\/\/www.boston.com\/tag\/environment\/\"><\/p>\n<p>\t\t\t\t\t\t\t\tAmbiente\t\t\t\t\t\t\t\t<\/a><br \/>\n\t\t\t\t\t\t\t<\/span><\/p>\n<h2 class=\"m-article-header__sub-headline\">O choque das inunda\u00e7\u00f5es catastr\u00f3ficas do ver\u00e3o passado ressaltou um n\u00edvel de risco dif\u00edcil de mitigar, dado o terreno montanhoso do estado e sua proximidade com o Atl\u00e2ntico.<\/h2>\n<figure class=\"a-photo m-article-header__photo\"><figcaption class=\"a-photo__caption\">\n<p>\tUm grupo crescente de jovens agricultores em Vermont est\u00e1 experimentando maneiras de mitigar o impacto de enchentes e outros eventos clim\u00e1ticos extremos.<em> Richard Beaven\/The New York Times<\/em>\t<\/figcaption><\/figure>\n<div class=\"m-article-header__meta\">\n<div class=\"m-article-header__byline\">\n<p class=\"m-article-header__author\">\n<p>\t\t\t\t\t\t\t\tPor Jenna Russell, New York Times Service\t\t\t\t\t\t\t<\/p>\n<p>\t\t\t\t\t\t    \t\t\t\t\t\t\t<time class=\"m-article-header__date\"><\/p>\n<p>        \t\t\t\t\t\t\t29 de julho de 2024 | 9h12    \t\t\t\t\t\t\t<\/time><\/p><\/div>\n<\/p><\/div>\n<\/header>\n<p>SOUTH ROYALTON, Vt. \u2014 Quando compraram sua fazenda de vegetais org\u00e2nicos em South Royalton, Vermont, situada ao longo da f\u00e9rtil plan\u00edcie de inunda\u00e7\u00e3o do Rio White, Ashley Loehr e Antoine Guerlain se consolaram com a densa \u00e1rea de arbustos e \u00e1rvores que ficava entre seus campos e a \u00e1gua suavemente turbulenta.<\/p>\n<p>Era 2021, uma d\u00e9cada depois que os resqu\u00edcios do furac\u00e3o Irene levaram o rio muito al\u00e9m de suas margens, inundando a fazenda e grandes \u00e1reas do estado. Determinado a evitar outro desastre como esse, o antigo propriet\u00e1rio plantou as \u00e1rvores proativamente, imaginando uma parede crescente de bosques que pelo menos tornaria futuras inunda\u00e7\u00f5es menos graves.<\/p>\n<p>N\u00e3o havia como saber se a barreira, de 35 p\u00e9s de largura, seria suficiente \u2014 at\u00e9 julho passado, quando outra tempestade devastadora <a href=\"https:\/\/www.nytimes.com\/2023\/07\/11\/us\/vermont-flooding-damage-rescues.html\">surgiu em Vermont<\/a>. O rio ganhou for\u00e7a e avan\u00e7ou, novamente invadindo campos e destruindo planta\u00e7\u00f5es.<\/p>\n<p>No ano seguinte, Loehr e Guerlain, assim como cerca de 3.000 outros fazendeiros de Vermont duramente atingidos pela tempestade de dois dias, lutaram com uma nova e urgente quest\u00e3o: como planejar um futuro sabendo que, \u00e0 medida que o clima muda, as chamadas tempestades de 100 anos podem ocorrer a cada 10 anos \u2014 ou at\u00e9 com mais frequ\u00eancia.<\/p>\n<p>Os agricultores de Vermont h\u00e1 muito se adaptaram \u00e0s reviravoltas do clima: colhendo \u00e1rvores de bordo mais cedo, \u00e0 medida que os invernos esquentavam, por exemplo, e investindo menos em safras de frutas vermelhas, j\u00e1 que o clima mais quente e \u00famido as torna mais vulner\u00e1veis \u200b\u200ba pragas e fungos. Mas o choque da inunda\u00e7\u00e3o catastr\u00f3fica do ver\u00e3o passado \u2014 seguida por <a href=\"https:\/\/www.nytimes.com\/2024\/07\/11\/us\/vermont-flood.html\">outro dil\u00favio prejudicial<\/a> neste m\u00eas \u2014 ressaltou um n\u00edvel de risco dif\u00edcil de mitigar, dado o terreno montanhoso do estado e sua proximidade com o Atl\u00e2ntico.<\/p>\n<p>O aquecimento do oceano permite que mais umidade evapore na atmosfera, alimentando tempestades e chuvas pesadas. E as montanhas canalizam a \u00e1gua rapidamente para baixo, aumentando o perigo de que c\u00f3rregos e rios transbordem e terras baixas inundem rapidamente.<\/p>\n<p>\u201cEssas s\u00e3o \u00e1reas rurais, sem muita riqueza e popula\u00e7\u00e3o, o que pode dificultar a adapta\u00e7\u00e3o \u00e0s mudan\u00e7as clim\u00e1ticas\u201d, disse Tim Waring, professor associado da Universidade do Maine que estuda adapta\u00e7\u00e3o cultural na agricultura. \u201cPrecisamos dar suporte \u00e0s pessoas para que elas possam experimentar e, ent\u00e3o, ter conversas sobre seus experimentos.\u201d<\/p>\n<p>Certos aspectos da agricultura em Vermont podem ajudar, ele disse: O crescente grupo de agricultores mais jovens do estado pode se adaptar \u00e0s novas circunst\u00e2ncias mais facilmente do que os agricultores mais velhos. Seus la\u00e7os pr\u00f3ximos tornam mais f\u00e1cil compartilhar novas estrat\u00e9gias. E a produ\u00e7\u00e3o diversificada das fazendas do estado cria algumas prote\u00e7\u00f5es econ\u00f4micas \u2014 se uma safra for perdida, outra pode sobreviver \u2014 ao mesmo tempo em que promove flexibilidade e abertura a novas abordagens.<\/p>\n<p>Em sua fazenda, conhecida como Hurricane Flats, Loehr e Guerlain reconsideraram tudo o que fazem. Ap\u00f3s a enchente do ver\u00e3o passado, eles reorganizaram os campos em faixas estreitas, com culturas alternadas, na esperan\u00e7a de que plantas maiores e mais altas, como a pipoca que eles cultivam em abund\u00e2ncia, ofere\u00e7am \u00e0s plantas menores pr\u00f3ximas alguma prote\u00e7\u00e3o contra o vento e a \u00e1gua. Eles tamb\u00e9m est\u00e3o experimentando plantar vegetais dentro de bancos de centeio e trevo, para que ra\u00edzes mais profundas segurem o solo no lugar e evitem que ele seja levado pela \u00e1gua.<\/p>\n<figure class=\"wp-block-image size-full\"><img loading=\"lazy\" decoding=\"async\" width=\"2560\" height=\"1707\" src=\"https:\/\/bdc2020.o0bc.com\/wp-content\/uploads\/2024\/07\/https___nytapi.wieck_.com_feed-photos_g7TmeygO-66a78ebc6fba4-scaled.jpg\" alt=\"Antoine Guerlain, Ashley Loehr e a filha Ines colhem cenouras em Hurricane Flats.\" class=\"wp-image-30972970\" srcset=\"https:\/\/bdc2020.o0bc.com\/wp-content\/uploads\/2024\/07\/https___nytapi.wieck_.com_feed-photos_g7TmeygO-66a78ebc6fba4-scaled.jpg?width=200 200w, https:\/\/bdc2020.o0bc.com\/wp-content\/uploads\/2024\/07\/https___nytapi.wieck_.com_feed-photos_g7TmeygO-66a78ebc6fba4-scaled.jpg?width=300 300w, https:\/\/bdc2020.o0bc.com\/wp-content\/uploads\/2024\/07\/https___nytapi.wieck_.com_feed-photos_g7TmeygO-66a78ebc6fba4-scaled.jpg?width=400 400w, https:\/\/bdc2020.o0bc.com\/wp-content\/uploads\/2024\/07\/https___nytapi.wieck_.com_feed-photos_g7TmeygO-66a78ebc6fba4-scaled.jpg?width=500 500w, https:\/\/bdc2020.o0bc.com\/wp-content\/uploads\/2024\/07\/https___nytapi.wieck_.com_feed-photos_g7TmeygO-66a78ebc6fba4-scaled.jpg?width=600 600w, https:\/\/bdc2020.o0bc.com\/wp-content\/uploads\/2024\/07\/https___nytapi.wieck_.com_feed-photos_g7TmeygO-66a78ebc6fba4-scaled.jpg?width=700 700w, https:\/\/bdc2020.o0bc.com\/wp-content\/uploads\/2024\/07\/https___nytapi.wieck_.com_feed-photos_g7TmeygO-66a78ebc6fba4-scaled.jpg?width=800 800w, https:\/\/bdc2020.o0bc.com\/wp-content\/uploads\/2024\/07\/https___nytapi.wieck_.com_feed-photos_g7TmeygO-66a78ebc6fba4-scaled.jpg?width=900 900w\" sizes=\"auto, (max-width: 2560px) 100vw, 2560px\"\/><figcaption class=\"wp-element-caption\">Antoine Guerlain, Ashley Loehr e a filha Ines colhem cenouras em Hurricane Flats, sua fazenda de vegetais org\u00e2nicos em South Royalton, Vt., 6 de julho de 2024. <i> \u2013 Richard Beaven\/The New York Times<\/i><\/figcaption><\/figure>\n<p>E em maio, eles plantaram mais 600 \u00e1rvores ao longo da zona de prote\u00e7\u00e3o do rio, alargando-a para 15 metros e marcando cada nova muda com uma fina fita rosa.<\/p>\n<p>\u201cEstamos fazendo coisas que nunca fizemos antes, porque est\u00e3o acontecendo coisas que nunca aconteceram antes\u201d, disse Loehr, 38, que come\u00e7ou a trabalhar em fazendas no norte do estado de Nova York quando tinha 14 anos. \u201cMesmo no meu tempo fazendo isso, o padr\u00e3o e a previsibilidade foram se erodindo constantemente.\u201d<\/p>\n<p>Os cronogramas b\u00e1sicos da agricultura \u2014 quando a \u00faltima geada acontece, quando \u00e9 seguro plantar \u2014 foram derrubados, ela disse. \u201c\u00c9 como se n\u00e3o houvesse mais verdades absolutas.\u201d<\/p>\n<p>Enquanto a chuva ca\u00eda em uma tarde recente, Loehr se inclinou para perto para comparar plantas de ab\u00f3bora de inverno cercadas por trevos com aquelas sem barreira contra eros\u00e3o. Com um encolher de ombros, ela reconheceu que a ab\u00f3bora no solo protegido havia crescido mais lentamente.<\/p>\n<p>N\u00e3o \u00e9 a \u00fanica compensa\u00e7\u00e3o que os agricultores de Vermont foram for\u00e7ados a considerar.<\/p>\n<p>Desde que as enchentes do ver\u00e3o passado causaram perdas estimadas de US$ 70 milh\u00f5es em fazendas em todo o estado, os agricultores est\u00e3o carregando mais d\u00edvidas, disse Roy Beckford, diretor da Extens\u00e3o da Universidade de Vermont e copresidente da For\u00e7a-Tarefa de Recupera\u00e7\u00e3o Agr\u00edcola criada pelo governador Phil Scott em agosto.<\/p>\n<p>A maioria das fazendas em Vermont s\u00e3o pequenas, e 70% n\u00e3o t\u00eam condi\u00e7\u00f5es de pagar seguro de safra ou gado, disse ele.<\/p>\n<p>\u201cMuitos deles est\u00e3o apenas se sustentando\u201d, disse Beckford.<\/p>\n<p>Somando-se ao risco, grande parte das terras agr\u00edcolas do estado fica em vales de rios, onde solo rico e argiloso \u00e9 ideal para o cultivo de alface e br\u00f3colis \u2014 mas onde cursos d&#39;\u00e1gua pr\u00f3ximos representam uma amea\u00e7a constante. Novos fazendeiros, que gravitaram para Vermont nos \u00faltimos anos, muitas vezes acabam alugando as terras mais acess\u00edveis, que tamb\u00e9m podem ser as mais suscet\u00edveis a inunda\u00e7\u00f5es.<\/p>\n<p>E as enchentes est\u00e3o longe de ser sua \u00fanica preocupa\u00e7\u00e3o. No m\u00eas passado, o estado foi atingido por uma onda de calor excepcionalmente precoce, bem como um raro alerta de tornado. Um congelamento tardio em maio de 2023 devastou planta\u00e7\u00f5es de frutas, causando quase US$ 6 milh\u00f5es em perdas.<\/p>\n<p>Angie Holl e seu marido, Alex, nativos de Vermont que se mudaram de volta para o estado em 2021, compraram uma fazenda abandonada em Tinmouth e come\u00e7aram a construir um neg\u00f3cio diversificado criando porcos e aves e cultivando vegetais e flores; o ver\u00e3o passado foi sua primeira temporada l\u00e1. Situada no sop\u00e9 de uma montanha, sua fazenda, Rootin Tootin Acres, foi inundada em julho passado quando o terreno mais alto acima dela desmoronou e a chuva caiu em cascata ladeira abaixo, deixando suas plantas em 2 p\u00e9s de \u00e1gua.<\/p>\n<p>\u201cIsso nos distorceu e nos transformou \u2014 questionamos tudo o que nos mudamos para c\u00e1 para fazer\u201d, disse Holl, 32. \u201cMas os fazendeiros s\u00e3o resilientes, e a verdade \u00e9 que cultivamos porque amamos isso.\u201d<\/p>\n<p>Os agricultores mais jovens tendem a trazer um otimismo tremendo. Mas eles podem se sentir mais incertos agora, depois de duas grandes enchentes com um ano de diferen\u00e7a, disse Rachel Schattman, professora assistente de agricultura sustent\u00e1vel na Universidade do Maine e ex-fazendeira de Vermont que mudou sua fazenda para longe do Rio Winooski depois que ele foi inundado durante o Furac\u00e3o Irene. Ela agora supervisiona <a href=\"https:\/\/www.adaptationfellows.net\/\">um programa que junta agricultores com consultores<\/a> que os ajudam a planejar a adapta\u00e7\u00e3o clim\u00e1tica.<\/p>\n<figure class=\"wp-block-image size-full\"><img loading=\"lazy\" decoding=\"async\" width=\"2560\" height=\"1707\" src=\"https:\/\/bdc2020.o0bc.com\/wp-content\/uploads\/2024\/07\/https___nytapi.wieck_.com_feed-photos_e9T29GoV-66a794925cc56-scaled.jpg\" alt=\"Ashley Loehr e Antoine Guerlain conversam em uma estufa em Hurricane Flats. \" class=\"wp-image-30973350\" srcset=\"https:\/\/bdc2020.o0bc.com\/wp-content\/uploads\/2024\/07\/https___nytapi.wieck_.com_feed-photos_e9T29GoV-66a794925cc56-scaled.jpg?width=200 200w, https:\/\/bdc2020.o0bc.com\/wp-content\/uploads\/2024\/07\/https___nytapi.wieck_.com_feed-photos_e9T29GoV-66a794925cc56-scaled.jpg?width=300 300w, https:\/\/bdc2020.o0bc.com\/wp-content\/uploads\/2024\/07\/https___nytapi.wieck_.com_feed-photos_e9T29GoV-66a794925cc56-scaled.jpg?width=400 400w, https:\/\/bdc2020.o0bc.com\/wp-content\/uploads\/2024\/07\/https___nytapi.wieck_.com_feed-photos_e9T29GoV-66a794925cc56-scaled.jpg?width=500 500w, https:\/\/bdc2020.o0bc.com\/wp-content\/uploads\/2024\/07\/https___nytapi.wieck_.com_feed-photos_e9T29GoV-66a794925cc56-scaled.jpg?width=600 600w, https:\/\/bdc2020.o0bc.com\/wp-content\/uploads\/2024\/07\/https___nytapi.wieck_.com_feed-photos_e9T29GoV-66a794925cc56-scaled.jpg?width=700 700w, https:\/\/bdc2020.o0bc.com\/wp-content\/uploads\/2024\/07\/https___nytapi.wieck_.com_feed-photos_e9T29GoV-66a794925cc56-scaled.jpg?width=800 800w, https:\/\/bdc2020.o0bc.com\/wp-content\/uploads\/2024\/07\/https___nytapi.wieck_.com_feed-photos_e9T29GoV-66a794925cc56-scaled.jpg?width=900 900w\" sizes=\"auto, (max-width: 2560px) 100vw, 2560px\"\/><figcaption class=\"wp-element-caption\">Ashley Loehr e Antoine Guerlain conversam em uma estufa em Hurricane Flats, sua fazenda de vegetais org\u00e2nicos em South Royalton, Vt., 6 de julho de 2024. <i> \u2013 Richard Beaven\/The New York Times<\/i><\/figcaption><\/figure>\n<p>Em <a href=\"https:\/\/agriculture.vermont.gov\/agency-agriculture-food-markets-news\/vermont-agricultural-recovery-task-force-releases-final-report\">seu \u00faltimo relat\u00f3rio<\/a>a for\u00e7a-tarefa de recupera\u00e7\u00e3o agr\u00edcola pediu mais subs\u00eddios para desastres para agricultores, mais ajuda com solicita\u00e7\u00f5es de subs\u00eddios e empr\u00e9stimos e que programas federais de seguro se tornassem mais acess\u00edveis para fazendas menores.<\/p>\n<p>Os recursos de sa\u00fade mental para agricultores tamb\u00e9m devem ser expandidos, escreveram os membros da for\u00e7a-tarefa, observando que a demanda dobrou ap\u00f3s as enchentes do ver\u00e3o passado.<\/p>\n<p>\u201cToda vez que a previs\u00e3o parece duvidosa, as pessoas sentem ansiedade\u201d, disse Anson Tebbetts, secret\u00e1rio de agricultura, alimentos e mercados de Vermont.<\/p>\n<p>Algumas semanas atr\u00e1s, quando mais de 7 polegadas de chuva ca\u00edram em algumas partes do estado, duas pessoas morreram, e casas, estradas e pontes foram levadas embora. Alguns fazendeiros que tinham se recuperado das perdas do ano passado assistiram enquanto os restos do furac\u00e3o Beryl, a primeira tempestade de categoria 5 registrada no Atl\u00e2ntico, inundavam seus campos novamente.<\/p>\n<p>Braden Lalancette, um floricultor que aluga terras em <a href=\"https:\/\/www.intervalecommunityfarm.com\/the-intervale\">o intervalo<\/a>uma cooperativa de pequenas fazendas em Burlington, estava entre as atingidas pela segunda vez. Situadas perto de onde o Rio Winooski des\u00e1gua no Lago Champlain, fazendas no Intervale foram inundadas pela tempestade do ano passado, assim como pela mais recente, disse Lalancette.<\/p>\n<p>Assim como fizeram no ver\u00e3o passado, centenas de volunt\u00e1rios de Burlington correram para ajudar os fazendeiros a colher o que pudessem nas horas que antecederam a subida das \u00e1guas.<\/p>\n<p>\u201cHavia um verdadeiro senso de comunidade e de luto coletivo\u201d, disse Lalancette, 30.<\/p>\n<p>Ele e sua parceira, Brooke Giard, 34, resolveram estender sua esta\u00e7\u00e3o de cultivo ap\u00f3s a enchente do ano passado, para ajudar a moderar o impacto das colheitas perdidas. Eles tamb\u00e9m come\u00e7aram a fazer experi\u00eancias com plantas perenes maiores, como lilases e hort\u00eansias, na \u201cteoria n\u00e3o testada\u201d de que elas poderiam suportar melhor as enchentes.<\/p>\n<figure class=\"wp-block-image size-full\"><img loading=\"lazy\" decoding=\"async\" width=\"2560\" height=\"1700\" src=\"https:\/\/bdc2020.o0bc.com\/wp-content\/uploads\/2024\/07\/https___nytapi.wieck_.com_feed-photos_7DTXj5AO-66a7949f9d475-scaled.jpg\" alt=\"Uma placa desgastada na borda de uma fazenda conhecida como Hurricane Flats mostra a marca de \u00e1gua alta que o furac\u00e3o Irene atingiu em 2011.\" class=\"wp-image-30973356\" srcset=\"https:\/\/bdc2020.o0bc.com\/wp-content\/uploads\/2024\/07\/https___nytapi.wieck_.com_feed-photos_7DTXj5AO-66a7949f9d475-scaled.jpg?width=200 200w, https:\/\/bdc2020.o0bc.com\/wp-content\/uploads\/2024\/07\/https___nytapi.wieck_.com_feed-photos_7DTXj5AO-66a7949f9d475-scaled.jpg?width=300 300w, https:\/\/bdc2020.o0bc.com\/wp-content\/uploads\/2024\/07\/https___nytapi.wieck_.com_feed-photos_7DTXj5AO-66a7949f9d475-scaled.jpg?width=400 400w, https:\/\/bdc2020.o0bc.com\/wp-content\/uploads\/2024\/07\/https___nytapi.wieck_.com_feed-photos_7DTXj5AO-66a7949f9d475-scaled.jpg?width=500 500w, https:\/\/bdc2020.o0bc.com\/wp-content\/uploads\/2024\/07\/https___nytapi.wieck_.com_feed-photos_7DTXj5AO-66a7949f9d475-scaled.jpg?width=600 600w, https:\/\/bdc2020.o0bc.com\/wp-content\/uploads\/2024\/07\/https___nytapi.wieck_.com_feed-photos_7DTXj5AO-66a7949f9d475-scaled.jpg?width=700 700w, https:\/\/bdc2020.o0bc.com\/wp-content\/uploads\/2024\/07\/https___nytapi.wieck_.com_feed-photos_7DTXj5AO-66a7949f9d475-scaled.jpg?width=800 800w, https:\/\/bdc2020.o0bc.com\/wp-content\/uploads\/2024\/07\/https___nytapi.wieck_.com_feed-photos_7DTXj5AO-66a7949f9d475-scaled.jpg?width=900 900w\" sizes=\"auto, (max-width: 2560px) 100vw, 2560px\"\/><figcaption class=\"wp-element-caption\">Uma placa desgastada na orla de uma fazenda conhecida como Hurricane Flats mostra a marca de \u00e1gua alta que o furac\u00e3o Irene atingiu em 2011, em South Royalton, Vermont, em 6 de julho de 2024. <i> \u2013 Richard Beaven\/The New York Times<\/i><\/figcaption><\/figure>\n<p>No dia seguinte \u00e0 tempestade deste m\u00eas, eles come\u00e7aram a refletir sobre o futuro novamente enquanto remavam em uma canoa sobre a terra onde antes havia suas planta\u00e7\u00f5es de flores.<\/p>\n<p>\u201c\u00c9 bobagem cultivar em uma plan\u00edcie de inunda\u00e7\u00e3o?\u201d, perguntou Lalancette. \u201cAlugamos nossa fazenda, ent\u00e3o financeiramente, a possibilidade de mudan\u00e7a n\u00e3o est\u00e1 realmente l\u00e1 para n\u00f3s.\u201d<\/p>\n<p>Mesmo que pudessem cultivar em outro lugar, ele disse, seria dif\u00edcil abandonar uma comunidade de agricultores que eles amam, definida pela amizade e colabora\u00e7\u00e3o, equipamentos compartilhados e uma luta comum pela sobreviv\u00eancia.<\/p>\n<p>No Intervale, naquele dia, o clima era sombrio e surreal.<\/p>\n<p>\u201c\u00c9 muito mais dif\u00edcil\u201d, disse Lalancette, \u201cquando acontece dois anos seguidos\u201d.<\/p>\n<p><em>Este artigo foi publicado originalmente em <a href=\"https:\/\/www.nytimes.com\/2024\/07\/28\/us\/flooding-farming-vermont.html\">O jornal New York Times<\/a>.<\/em><\/p>\n<div class=\"m-block m-generic-cta\t m-generic-cta--post-content\t m-generic-cta--dark\t m-generic-cta--homepage\t m-generic-cta--email-signup\t\t m-generic-cta-block-style--default \tt-amp__generic-cta\"><\/p>\n<div class=\"m-generic-cta__wrap\">\n<div class=\"m-generic-cta__content\">\n<h3 class=\"m-generic-cta__title\">Alertas de not\u00edcias extras<\/h3>\n<p class=\"m-generic-cta__subtitle\">Receba atualiza\u00e7\u00f5es de \u00faltima hora assim que elas acontecerem.<\/p>\n<\/p><\/div>\n<\/p><\/div>\n<\/div><\/div>\n<p><script>\n\t\tvar consent=\"grant\";\n\t\t\/* The above code is parsing the JSON data from the local storage and storing it in a variable. *\/\n\t\t\t\t\tconst onetrustStorageConsent = JSON.parse(localStorage.getItem( 'consent_one_trust_bdc' ) );\n\t\t\tif ( ( onetrustStorageConsent !== null ) ) {\n\t\t\t\t\/* Checking to see if the user has consented to the use of cookies.\n\t\t\t\t* If they have not, it is deleting the cookie.\n\t\t\t\t* This will comment for now, until further notice.\n\t\t\t\t*\/\n\t\t\t\t\/\/if ( onetrustStorageConsent.C0002 === false ) {\n\t\t\t\t\/\/\tdocument.cookie=\"_fbp=;expires=Thu, 01 Jan 2010 00:00:00 UTC; path=\/; domain=.boston.com\";\n\t\t\t\t\/\/}\n\t\t\t\t\/* Checking if the user has given consent for the cookie C0002.\n\t\t\t\t* If the user has given consent, the variable consent will be set to 'grant'.\n\t\t\t\t* If the user has not given consent,the variable consent will be set to 'revoke'.\n\t\t\t\t* Documentation https:\/\/developers.facebook.com\/docs\/meta-pixel\/implementation\/gdpr\n\t\t\t\t*\/\n\t\t\t\tif ( onetrustStorageConsent.C0002 !== true ) {\n\t\t\t\t\tconsent=\"revoke\";\n\t\t\t\t}\n\t\t\t}\n\t\t\t\t!function(f,b,e,v,n,t,s)\n\t\t{if(f.fbq)return;n=f.fbq=function(){n.callMethod?\n\t\tn.callMethod.apply(n,arguments):n.queue.push(arguments)};\n\t\tif(!f._fbq)f._fbq=n;n.push=n;n.loaded=!0;n.version='2.0';\n\t\tn.queue=[];t=b.createElement(e);t.async=!0;\n\t\tt.src=v;s=b.getElementsByTagName(e)[0];\n\t\ts.parentNode.insertBefore(t,s)}(window, document,'script',\n\t\t'https:\/\/connect.facebook.net\/en_US\/fbevents.js');\n\t\tfbq('consent', consent);\n\t\tfbq('init', '989222871864976');\n\t\tfbq('track', 'PageView');\n\t<\/script><script type=\"module\">\n\t\tvar consent=\"grant\";\n\t\t\/* The above code is parsing the JSON data from the local storage and storing it in a variable. *\/\n\t\t\tconst onetrustStorageConsent = JSON.parse(localStorage.getItem( 'consent_one_trust_bdc' ) );\n\t\t\t\/* Checking to see if the user has consented to the use of cookies.\n\t\t\t* If they have not, it is deleting the cookie.\n\t\t\t* This will comment for now, until further notice.\n\t\t\t*\/\n\t\t\t\/\/if ( onetrustStorageConsent.C0002 === false ) {\n\t\t\t\/\/\tdocument.cookie=\"_fbp=;expires=Thu, 01 Jan 2010 00:00:00 UTC; path=\/; domain=.boston.com\";\n\t\t\t\/\/}\n\t\t\t\/* Checking if the user has given consent for the cookie C0002.\n\t\t\t* If the user has given consent, the variable consent will be set to 'grant'.\n\t\t\t* If the user has not given consent,the variable consent will be set to 'revoke'.\n\t\t\t* Documentation https:\/\/developers.facebook.com\/docs\/meta-pixel\/implementation\/gdpr\n\t\t\t*\/\n\t\t\tif ( ( onetrustStorageConsent !== null ) && (onetrustStorageConsent.C0002 !== true ) ) {\n\t\t\t\tconsent=\"revoke\";\n\t\t\t}\n\t\t\t\t!function(f,b,e,v,n,t,s){if(f.fbq)return;n=f.fbq=function()\n\t\t{n.callMethod? n.callMethod.apply(n,arguments):n.queue.push(arguments)}\n\t\t;if(!f._fbq)f._fbq=n;\n\t\tn.push=n;n.loaded=!0;n.version='2.0';n.queue=[];t=b.createElement(e);t.async=!0;\n\t\tt.src=v;s=b.getElementsByTagName(e)[0];s.parentNode.insertBefore(t,s)}(window,\n\t\tdocument,'script','https:\/\/connect.facebook.net\/en_US\/fbevents.js');\n\t\tfbq('consent', consent);\n\t\tfbq('init', '813236348753005');\n\t\tfbq('track', \"PageView\");\n\t<\/script><br \/>\n<br \/><br \/>\n<br \/><a href=\"https:\/\/www.boston.com\/news\/environment\/2024\/07\/29\/how-floods-are-changing-farming-in-vermont\/\">Source link <\/a><\/p>","protected":false},"excerpt":{"rendered":"<p>Ambiente O choque das inunda\u00e7\u00f5es catastr\u00f3ficas do ver\u00e3o passado ressaltou um n\u00edvel de risco dif\u00edcil de mitigar, dado o terreno montanhoso do estado e sua proximidade com o Atl\u00e2ntico. Um&hellip;<\/p>","protected":false},"author":1,"featured_media":11248,"comment_status":"closed","ping_status":"open","sticky":false,"template":"","format":"standard","meta":{"content-type":"","footnotes":""},"categories":[1],"tags":[],"class_list":["post-11247","post","type-post","status-publish","format-standard","has-post-thumbnail","hentry","category-uncategorized"],"_links":{"self":[{"href":"https:\/\/tvbrazilusa.com\/pt\/wp-json\/wp\/v2\/posts\/11247","targetHints":{"allow":["GET"]}}],"collection":[{"href":"https:\/\/tvbrazilusa.com\/pt\/wp-json\/wp\/v2\/posts"}],"about":[{"href":"https:\/\/tvbrazilusa.com\/pt\/wp-json\/wp\/v2\/types\/post"}],"author":[{"embeddable":true,"href":"https:\/\/tvbrazilusa.com\/pt\/wp-json\/wp\/v2\/users\/1"}],"replies":[{"embeddable":true,"href":"https:\/\/tvbrazilusa.com\/pt\/wp-json\/wp\/v2\/comments?post=11247"}],"version-history":[{"count":1,"href":"https:\/\/tvbrazilusa.com\/pt\/wp-json\/wp\/v2\/posts\/11247\/revisions"}],"predecessor-version":[{"id":11249,"href":"https:\/\/tvbrazilusa.com\/pt\/wp-json\/wp\/v2\/posts\/11247\/revisions\/11249"}],"wp:featuredmedia":[{"embeddable":true,"href":"https:\/\/tvbrazilusa.com\/pt\/wp-json\/wp\/v2\/media\/11248"}],"wp:attachment":[{"href":"https:\/\/tvbrazilusa.com\/pt\/wp-json\/wp\/v2\/media?parent=11247"}],"wp:term":[{"taxonomy":"category","embeddable":true,"href":"https:\/\/tvbrazilusa.com\/pt\/wp-json\/wp\/v2\/categories?post=11247"},{"taxonomy":"post_tag","embeddable":true,"href":"https:\/\/tvbrazilusa.com\/pt\/wp-json\/wp\/v2\/tags?post=11247"}],"curies":[{"name":"wp","href":"https:\/\/api.w.org\/{rel}","templated":true}]}}