{"id":112528,"date":"2025-03-20T14:09:17","date_gmt":"2025-03-20T14:09:17","guid":{"rendered":"https:\/\/tvbrazilusa.com\/2025\/03\/20\/lula-poupa-juizes-na-nova-lei-do-imposto-de-renda-que-nao-cobrara-impostos-no-penduricalho\/"},"modified":"2025-03-20T14:09:19","modified_gmt":"2025-03-20T14:09:19","slug":"lula-poupa-juizes-na-nova-lei-do-imposto-de-renda-que-nao-cobrara-impostos-no-penduricalho","status":"publish","type":"post","link":"https:\/\/tvbrazilusa.com\/pt\/2025\/03\/20\/lula-poupa-juizes-na-nova-lei-do-imposto-de-renda-que-nao-cobrara-impostos-no-penduricalho\/","title":{"rendered":"Lula poupa ju\u00edzes na nova lei do Imposto de Renda, que n\u00e3o cobrar\u00e1 impostos no penduricalho"},"content":{"rendered":"<p> <script async src=\"https:\/\/pagead2.googlesyndication.com\/pagead\/js\/adsbygoogle.js?client=ca-pub-8864793242727901\"\r\n     crossorigin=\"anonymous\"><\/script><br \/>\n<\/p>\n<div id=\"taboola-read-more\" style=\"display:block; width:100%\">\n<p>O governo do presidente Luiz In\u00e1cio Lula da Silva (PT) envia ao Congresso Nacional, nesta ter\u00e7a-feira (18\/3), o projeto de lei que prev\u00ea amplia\u00e7\u00e3o da isen\u00e7\u00e3o do Imposto de Renda para trabalhadores que recebem at\u00e9 R$ 5 mil. Para compensar a perda arrecadat\u00f3rio, o Pal\u00e1cio do Planalto deseja tributar aqueles que ganham acima de R$ 50 mil por m\u00eas, ou seja, R$ 600 mil por ano. No entanto, a medida n\u00e3o contempla os benef\u00edcios pagos aos membros do Judici\u00e1rio que v\u00e3o al\u00e9m do sal\u00e1rio fixo, os chamados penduricalhos.\n<\/p>\n<p>Robinson Barreirinhas, secret\u00e1rio especial da Receita Federal, explicou a raz\u00e3o: \u201cEm rela\u00e7\u00e3o \u00e0 verba indenizat\u00f3ria, n\u00f3s deixamos claro o entendimento da Fazenda e da Receita Federal em rela\u00e7\u00e3o \u00e0quelas verbas indenizat\u00f3rias que n\u00e3o indicam acr\u00e9scimo patrimonial das pessoas\u201d.<\/p>\n<p>\u201cN\u00f3s sabemos que o Judici\u00e1rio, muitas vezes, tem determinado entendimento que determinadas verbas s\u00e3o ou n\u00e3o rendimento tribut\u00e1vel. Se uma determinada verba n\u00e3o \u00e9 considerada pelo Judici\u00e1rio como rendimento da pessoa, isso est\u00e1 fora da tributa\u00e7\u00e3o, n\u00e3o por vontade da Receita Federal, mas por um entendimento maior do Judici\u00e1rio\u201d, complementa Barreirinhas.\n<\/p>\n<p>Entenda o impacto da proposta\n<\/p>\n<ul>\n<li>Governo Lula envia ao Congresso Nacional a reforma da renda, com a amplia\u00e7\u00e3o da isen\u00e7\u00e3o do Imposto de Renda para o trabalhador que ganha at\u00e9 R$ 5 mil.<\/li>\n<li>Segundo o Dieese, a medida beneficiaria mais de 10 milh\u00f5es de brasileiros, dobrando o n\u00famero de isentos para 20 milh\u00f5es.<\/li>\n<li>Para compensar a perda arrecadat\u00f3ria, o Pal\u00e1cio do Planalto visa ampliar a taxa\u00e7\u00e3o para quem ganha acima de R$ 50 mil por m\u00eas.<\/li>\n<li>Previs\u00e3o da CNM \u00e9 de que o projeto resulte em uma perda anual de aproximadamente R$ 20 bilh\u00f5es para os munic\u00edpios.<\/li>\n<\/ul>\n<p>Os chamados penduricalhos dos ju\u00edzes s\u00e3o ben\u00e9ficos pagos que v\u00e3o al\u00e9m dos sal\u00e1rios dos membros do Judici\u00e1rio, como aux\u00edlios, gratifica\u00e7\u00f5es e licen\u00e7as.\n<\/p>\n<p>Recentemente, o ministro Fl\u00e1vio Dino, do Supremo Tribunal Federal (STF), suspendeu o pagamento da verba indenizat\u00f3ria referente a aux\u00edlio-alimenta\u00e7\u00e3o que os tribunais destinavam a ju\u00edzes com o entendimento de que asseguravam isonomia entre pagamento de verba tamb\u00e9m oferecida pelos Minist\u00e9rios P\u00fablicos.\n<\/p>\n<p>Amplia\u00e7\u00e3o da isen\u00e7\u00e3o do IR<br \/>A proposta ainda precisa passar pelo Congresso Nacional. A expectativa \u00e9 que a mat\u00e9ria seja aprovada em 2025 para passar a valer em 2026, ano de elei\u00e7\u00f5es presidenciais. Esta \u00e9 a principal aposta do governo para reverter a queda na popularidade, mostrada nas \u00faltimas pesquisas de opini\u00e3o.\n<\/p>\n<p>Avalia\u00e7\u00e3o negativa de governo Lula chega a 41%, aponta Ipsos-Ipec\n<\/p>\n<p>O projeto prev\u00ea uma isen\u00e7\u00e3o parcial para quem ganha entre R$ 5 mil e R$ 7 mil por m\u00eas. A medida deve beneficiar 10 milh\u00f5es de contribuintes, segundo c\u00e1lculos do governo. Em contrapartida, ser\u00e1 proposta a tributa\u00e7\u00e3o sobre rendas acima de R$ 50 mil mensais.<\/p>\n<p>Fonte: Metr\u00f3poles              <\/p>\n<\/div>\n<p><br \/>\n<br \/><a href=\"https:\/\/diariodobrasilnoticias.com.br\/noticia\/lula-poupa-juizes-na-nova-lei-do-imposto-de-renda-que-nao-cobrara-impostos-no-penduricalho-67dc1cfdaea88\">Source link <\/a><\/p>","protected":false},"excerpt":{"rendered":"<p>O governo do presidente Luiz In\u00e1cio Lula da Silva (PT) envia ao Congresso Nacional, nesta ter\u00e7a-feira (18\/3), o projeto de lei que prev\u00ea amplia\u00e7\u00e3o da isen\u00e7\u00e3o do Imposto de Renda&hellip;<\/p>","protected":false},"author":1,"featured_media":112529,"comment_status":"closed","ping_status":"open","sticky":false,"template":"","format":"standard","meta":{"content-type":"","footnotes":""},"categories":[16],"tags":[123,2448,5313,1267],"class_list":["post-112528","post","type-post","status-publish","format-standard","has-post-thumbnail","hentry","category-noticias","tag-brasil","tag-diario","tag-noticia","tag-noticias"],"_links":{"self":[{"href":"https:\/\/tvbrazilusa.com\/pt\/wp-json\/wp\/v2\/posts\/112528","targetHints":{"allow":["GET"]}}],"collection":[{"href":"https:\/\/tvbrazilusa.com\/pt\/wp-json\/wp\/v2\/posts"}],"about":[{"href":"https:\/\/tvbrazilusa.com\/pt\/wp-json\/wp\/v2\/types\/post"}],"author":[{"embeddable":true,"href":"https:\/\/tvbrazilusa.com\/pt\/wp-json\/wp\/v2\/users\/1"}],"replies":[{"embeddable":true,"href":"https:\/\/tvbrazilusa.com\/pt\/wp-json\/wp\/v2\/comments?post=112528"}],"version-history":[{"count":1,"href":"https:\/\/tvbrazilusa.com\/pt\/wp-json\/wp\/v2\/posts\/112528\/revisions"}],"predecessor-version":[{"id":112530,"href":"https:\/\/tvbrazilusa.com\/pt\/wp-json\/wp\/v2\/posts\/112528\/revisions\/112530"}],"wp:featuredmedia":[{"embeddable":true,"href":"https:\/\/tvbrazilusa.com\/pt\/wp-json\/wp\/v2\/media\/112529"}],"wp:attachment":[{"href":"https:\/\/tvbrazilusa.com\/pt\/wp-json\/wp\/v2\/media?parent=112528"}],"wp:term":[{"taxonomy":"category","embeddable":true,"href":"https:\/\/tvbrazilusa.com\/pt\/wp-json\/wp\/v2\/categories?post=112528"},{"taxonomy":"post_tag","embeddable":true,"href":"https:\/\/tvbrazilusa.com\/pt\/wp-json\/wp\/v2\/tags?post=112528"}],"curies":[{"name":"wp","href":"https:\/\/api.w.org\/{rel}","templated":true}]}}