{"id":112534,"date":"2025-03-20T14:21:41","date_gmt":"2025-03-20T14:21:41","guid":{"rendered":"https:\/\/tvbrazilusa.com\/2025\/03\/20\/moraes-determina-que-meta-e-x-fornecam-dados-de-allan-dos-santos-a-pf\/"},"modified":"2025-03-20T14:21:43","modified_gmt":"2025-03-20T14:21:43","slug":"moraes-determina-que-meta-e-x-fornecam-dados-de-allan-dos-santos-a-pf","status":"publish","type":"post","link":"https:\/\/tvbrazilusa.com\/pt\/2025\/03\/20\/moraes-determina-que-meta-e-x-fornecam-dados-de-allan-dos-santos-a-pf\/","title":{"rendered":"Moraes determina que Meta e X forne\u00e7am dados de Allan dos Santos \u00e0 PF"},"content":{"rendered":"<p> <script async src=\"https:\/\/pagead2.googlesyndication.com\/pagead\/js\/adsbygoogle.js?client=ca-pub-8864793242727901\"\r\n     crossorigin=\"anonymous\"><\/script><br \/>\n<\/p>\n<div id=\"taboola-read-more\" style=\"display:block; width:100%\">\n<p>O ministro do STF (Supremo Tribunal Federal) Alexandre de Moraes determinou nesta 4\u00aa feira (19.mar.2025) que o X e a Meta entreguem \u00e0 PF (Pol\u00edcia Federal) dados de 4 contas de Allan dos Santos em suas plataformas.\n<\/p>\n<p>Moraes tamb\u00e9m ordenou que as empresas forne\u00e7am o conte\u00fado das publica\u00e7\u00f5es feitas de junho de 2024 a fevereiro de 2025. As empresas t\u00eam 10 dias para fornecer as informa\u00e7\u00f5es solicitadas, sob pena de multa di\u00e1ria de R$ 100 mil.<\/p>\n<p>\u201cDetermino \u00e0 empresa Meta INC. que forne\u00e7a diretamente \u00e0 autoridade policial, no prazo de 10 (dez) dias, os dados cadastrais, dados do endere\u00e7o IP e a porta l\u00f3gica de origem utilizados para a cria\u00e7\u00e3o do perfil Instagram @allanconta45, na data e hora de cria\u00e7\u00e3o, bem como o conte\u00fado das postagens, no per\u00edodo de 1\u00ba\/6\/2024 \u00e0 1\u00ba\/2\/2025, dos perfis @allanconta44 e @allanconta45, sob pena de multa di\u00e1ria de r$ 100.000,00 (cem mil reais); (2) determino \u00e0 empresa X Brasil Internet LTDA., que forne\u00e7a diretamente \u00e0 autoridade policial, no prazo de 10 (dez) dias, os conte\u00fados das postagens, no per\u00edodo de 1\u00b0\/6\/2024 \u00e0 1\u00ba\/2\/2025, em rela\u00e7\u00e3o ao perfil @allanconta, sob pena de multa di\u00e1ria de r$ 100.000,00 (cem mil reais)\u201d, escreveu Moraes.\n<\/p>\n<p>O magistrado atendeu a um pedido da corpora\u00e7\u00e3o no caso que investiga Allan dos Santos por divulgar conversas falsas relacionadas \u00e0 jornalista Juliana Dal Piva.\n<\/p>\n<p>Ele teria forjado um di\u00e1logo em que a jornalista confessaria um suposto plano de Moraes para prender o ex-presidente Jair Bolsonaro (PL). Segundo Juliana, o jornalista segue difamando-a mesmo depois da a\u00e7\u00e3o no Supremo.\n<\/p>\n<p>As contas a que o ministro se refere no X j\u00e1 est\u00e3o suspensas desde fevereiro. A plataforma atendeu a uma determina\u00e7\u00e3o de Moraes, mas n\u00e3o enviou os dados cadastrais do perfil, motivo pelo qual foi aplicada multa de R$ 8,1 milh\u00f5es, pagos no mesmo m\u00eas. No processo, a defesa declara que n\u00e3o possui as informa\u00e7\u00f5es solicitadas pelo magistrado.\n<\/p>\n<p>O Supremo investiga o acusado em 2 inqu\u00e9ritos: o das fake news e o das mil\u00edcias digitais. Em 2022, ele foi condenado a 1 ano e 7 meses de pris\u00e3o por cal\u00fania. Em 2021, tornou-se foragido da Justi\u00e7a brasileira. Desde ent\u00e3o, reside nos Estados Unidos.\n<\/p>\n<p>Fonte: Poder360              <\/p>\n<\/div>\n<p><br \/>\n<br \/><a href=\"https:\/\/diariodobrasilnoticias.com.br\/noticia\/moraes-determina-que-meta-e-x-fornecam-dados-de-allan-dos-santos-a-pf-67dc1fd20e209\">Source link <\/a><\/p>","protected":false},"excerpt":{"rendered":"<p>O ministro do STF (Supremo Tribunal Federal) Alexandre de Moraes determinou nesta 4\u00aa feira (19.mar.2025) que o X e a Meta entreguem \u00e0 PF (Pol\u00edcia Federal) dados de 4 contas&hellip;<\/p>","protected":false},"author":1,"featured_media":112535,"comment_status":"closed","ping_status":"open","sticky":false,"template":"","format":"standard","meta":{"content-type":"","footnotes":""},"categories":[16],"tags":[123,2448,5313,1267],"class_list":["post-112534","post","type-post","status-publish","format-standard","has-post-thumbnail","hentry","category-noticias","tag-brasil","tag-diario","tag-noticia","tag-noticias"],"_links":{"self":[{"href":"https:\/\/tvbrazilusa.com\/pt\/wp-json\/wp\/v2\/posts\/112534","targetHints":{"allow":["GET"]}}],"collection":[{"href":"https:\/\/tvbrazilusa.com\/pt\/wp-json\/wp\/v2\/posts"}],"about":[{"href":"https:\/\/tvbrazilusa.com\/pt\/wp-json\/wp\/v2\/types\/post"}],"author":[{"embeddable":true,"href":"https:\/\/tvbrazilusa.com\/pt\/wp-json\/wp\/v2\/users\/1"}],"replies":[{"embeddable":true,"href":"https:\/\/tvbrazilusa.com\/pt\/wp-json\/wp\/v2\/comments?post=112534"}],"version-history":[{"count":1,"href":"https:\/\/tvbrazilusa.com\/pt\/wp-json\/wp\/v2\/posts\/112534\/revisions"}],"predecessor-version":[{"id":112536,"href":"https:\/\/tvbrazilusa.com\/pt\/wp-json\/wp\/v2\/posts\/112534\/revisions\/112536"}],"wp:featuredmedia":[{"embeddable":true,"href":"https:\/\/tvbrazilusa.com\/pt\/wp-json\/wp\/v2\/media\/112535"}],"wp:attachment":[{"href":"https:\/\/tvbrazilusa.com\/pt\/wp-json\/wp\/v2\/media?parent=112534"}],"wp:term":[{"taxonomy":"category","embeddable":true,"href":"https:\/\/tvbrazilusa.com\/pt\/wp-json\/wp\/v2\/categories?post=112534"},{"taxonomy":"post_tag","embeddable":true,"href":"https:\/\/tvbrazilusa.com\/pt\/wp-json\/wp\/v2\/tags?post=112534"}],"curies":[{"name":"wp","href":"https:\/\/api.w.org\/{rel}","templated":true}]}}