{"id":112545,"date":"2025-03-20T14:52:21","date_gmt":"2025-03-20T14:52:21","guid":{"rendered":"https:\/\/tvbrazilusa.com\/2025\/03\/20\/conselho-autoriza-que-farmaceutico-prescreva-remedios-medicos-reagem\/"},"modified":"2025-03-20T14:52:22","modified_gmt":"2025-03-20T14:52:22","slug":"conselho-autoriza-que-farmaceutico-prescreva-remedios-medicos-reagem","status":"publish","type":"post","link":"https:\/\/tvbrazilusa.com\/pt\/2025\/03\/20\/conselho-autoriza-que-farmaceutico-prescreva-remedios-medicos-reagem\/","title":{"rendered":"Conselho autoriza que farmac\u00eautico prescreva rem\u00e9dios; m\u00e9dicos reagem"},"content":{"rendered":"<p> <script async src=\"https:\/\/pagead2.googlesyndication.com\/pagead\/js\/adsbygoogle.js?client=ca-pub-8864793242727901\"\r\n     crossorigin=\"anonymous\"><\/script><br \/>\n<\/p>\n<div data-block-type=\"unstyled\" data-block-weight=\"18\" data-block-id=\"25\">\n<p class=\"content-text__container\" data-track-category=\"Link no Texto\" data-track-links=\"\" data-mrf-recirculation=\"Mat\u00e9ria - Links no Texto\">Na vis\u00e3o do representante dos m\u00e9dicos, o CFF n\u00e3o pode legislar sobre prescri\u00e7\u00e3o, diagn\u00f3sticos e consulta m\u00e9dica.\n<\/p>\n<p class=\"content-text__container\" data-track-category=\"Link no Texto\" data-track-links=\"\" data-mrf-recirculation=\"Mat\u00e9ria - Links no Texto\">&#8220;O farmac\u00eautico n\u00e3o tem compet\u00eancia legal e t\u00e9cnica para isso. \u00c9 um ato de prevarica\u00e7\u00e3o. Eles j\u00e1 tentaram isso no passado e a Justi\u00e7a negou. E isso ser\u00e1 levado novamente \u00e0 Justi\u00e7a. O argumento de que eles entendem de rem\u00e9dios \u00e9 insuficiente. S\u00e3o compet\u00eancias complementares\u201d, afirma Cardoso.\n<\/p>\n<div id=\"chunk-cvo5c\">\n<div class=\"mc-column content-text active-extra-styles\" data-block-type=\"raw\" data-block-weight=\"10\" data-block-id=\"32\">\n<p><strong>O que diz a resolu\u00e7\u00e3o do Conselho Federal de Farm\u00e1cia<\/strong><\/p>\n<p>O artigo 3\u00b0 da resolu\u00e7\u00e3o n\u00famero 5 do CFF de 20\/02\/2025 determina que, para estabelecer o perfil farmacoterap\u00eautico do paciente, o farmac\u00eautico est\u00e1 autorizado a:\n<\/p>\n<\/div>\n<\/div>\n<div id=\"chunk-b1u8a\">\n<div class=\"mc-column content-text active-extra-styles\" data-block-type=\"raw\" data-block-weight=\"52\" data-block-id=\"34\">\n<ul class=\"content-unordered-list\">\n<li>prescrever medicamentos, incluindo os de venda sob prescri\u00e7\u00e3o;<\/li>\n<li>renovar prescri\u00e7\u00f5es previamente emitidas por outros profissionais de sa\u00fade legalmente habilitados;<\/li>\n<li>prescrever medicamentos em atendimento \u00e0 pessoa sob risco de morte iminente.<\/li>\n<li>Os medicamentos categorizados sob prescri\u00e7\u00e3o somente poder\u00e3o ser prescritos pelo farmac\u00eautico que possua Registro de Qualifica\u00e7\u00e3o de Especialista (RQE) em Farm\u00e1cia Cl\u00ednica.<\/li>\n<\/ul>\n<p>O artigo 4\u00ba da resolu\u00e7\u00e3o informa ainda que &#8220;no \u00e2mbito da atividade cl\u00ednica do farmac\u00eautico&#8221; a an\u00e1lise da situa\u00e7\u00e3o do paciente vai permitir que o profissional:\n<\/p>\n<\/div>\n<\/div>\n<div id=\"chunk-7vsud\">\n<div class=\"mc-column content-text active-extra-styles\" data-block-type=\"raw\" data-block-weight=\"28\" data-block-id=\"36\">\n<ul class=\"content-unordered-list\">\n<li>Colete dados por meio da anamnese farmac\u00eautica<\/li>\n<li>Fa\u00e7a exame f\u00edsico com a verifica\u00e7\u00e3o dos sinais e sintomas<\/li>\n<li>Realize, solicite e interprete exames para avalia\u00e7\u00e3o da efetividade do tratamento<\/li>\n<\/ul>\n<p>Com informa\u00e7\u00f5es de g1\n<\/p>\n<\/div>\n<\/div>\n<\/div>\n<p><br \/>\n<br \/><a href=\"https:\/\/diariodobrasilnoticias.com.br\/noticia\/conselho-autoriza-que-farmaceutico-prescreva-remedios-medicos-reagem-67dc2663bb0dc\">Source link <\/a><\/p>","protected":false},"excerpt":{"rendered":"<p>Na vis\u00e3o do representante dos m\u00e9dicos, o CFF n\u00e3o pode legislar sobre prescri\u00e7\u00e3o, diagn\u00f3sticos e consulta m\u00e9dica. &#8220;O farmac\u00eautico n\u00e3o tem compet\u00eancia legal e t\u00e9cnica para isso. \u00c9 um ato&hellip;<\/p>","protected":false},"author":1,"featured_media":112546,"comment_status":"closed","ping_status":"open","sticky":false,"template":"","format":"standard","meta":{"content-type":"","footnotes":""},"categories":[16],"tags":[123,2448,5313,1267],"class_list":["post-112545","post","type-post","status-publish","format-standard","has-post-thumbnail","hentry","category-noticias","tag-brasil","tag-diario","tag-noticia","tag-noticias"],"_links":{"self":[{"href":"https:\/\/tvbrazilusa.com\/pt\/wp-json\/wp\/v2\/posts\/112545","targetHints":{"allow":["GET"]}}],"collection":[{"href":"https:\/\/tvbrazilusa.com\/pt\/wp-json\/wp\/v2\/posts"}],"about":[{"href":"https:\/\/tvbrazilusa.com\/pt\/wp-json\/wp\/v2\/types\/post"}],"author":[{"embeddable":true,"href":"https:\/\/tvbrazilusa.com\/pt\/wp-json\/wp\/v2\/users\/1"}],"replies":[{"embeddable":true,"href":"https:\/\/tvbrazilusa.com\/pt\/wp-json\/wp\/v2\/comments?post=112545"}],"version-history":[{"count":1,"href":"https:\/\/tvbrazilusa.com\/pt\/wp-json\/wp\/v2\/posts\/112545\/revisions"}],"predecessor-version":[{"id":112547,"href":"https:\/\/tvbrazilusa.com\/pt\/wp-json\/wp\/v2\/posts\/112545\/revisions\/112547"}],"wp:featuredmedia":[{"embeddable":true,"href":"https:\/\/tvbrazilusa.com\/pt\/wp-json\/wp\/v2\/media\/112546"}],"wp:attachment":[{"href":"https:\/\/tvbrazilusa.com\/pt\/wp-json\/wp\/v2\/media?parent=112545"}],"wp:term":[{"taxonomy":"category","embeddable":true,"href":"https:\/\/tvbrazilusa.com\/pt\/wp-json\/wp\/v2\/categories?post=112545"},{"taxonomy":"post_tag","embeddable":true,"href":"https:\/\/tvbrazilusa.com\/pt\/wp-json\/wp\/v2\/tags?post=112545"}],"curies":[{"name":"wp","href":"https:\/\/api.w.org\/{rel}","templated":true}]}}