{"id":11255,"date":"2024-07-29T13:22:03","date_gmt":"2024-07-29T13:22:03","guid":{"rendered":"https:\/\/tvbrazilusa.com\/2024\/07\/29\/biden-esta-se-voltando-para-seu-legado-ele-fala-na-segunda-feira-na-biblioteca-presidencial-lbj\/"},"modified":"2024-07-29T13:30:43","modified_gmt":"2024-07-29T13:30:43","slug":"biden-esta-se-voltando-para-seu-legado-ele-fala-na-segunda-feira-na-biblioteca-presidencial-lbj","status":"publish","type":"post","link":"https:\/\/tvbrazilusa.com\/pt\/2024\/07\/29\/biden-esta-se-voltando-para-seu-legado-ele-fala-na-segunda-feira-na-biblioteca-presidencial-lbj\/","title":{"rendered":"Biden est\u00e1 se voltando para seu legado. Ele fala na segunda-feira na Biblioteca Presidencial LBJ"},"content":{"rendered":"<script async src=\"https:\/\/pagead2.googlesyndication.com\/pagead\/js\/adsbygoogle.js?client=ca-pub-8864793242727901\"\r\n     crossorigin=\"anonymous\"><\/script>\n<div id=\"\">\n<p class=\"dist__Box-sc-1fnzlkn-0 dist__TextBase-sc-1fnzlkn-3 CGHCP htMUPQ article-text\"><strong>WASHINGTON<\/strong> \u2013 O presidente Joe Biden, que tardiamente optou por n\u00e3o concorrer \u00e0 reelei\u00e7\u00e3o, far\u00e1 uma visita na segunda-feira \u00e0 biblioteca do \u00faltimo presidente para fazer a mesma escolha dif\u00edcil, mais de meio s\u00e9culo atr\u00e1s.<\/p>\n<p class=\"dist__Box-sc-1fnzlkn-0 dist__TextBase-sc-1fnzlkn-3 CGHCP htMUPQ article-text\">Discurso de Biden na segunda-feira <a href=\"https:\/\/apnews.com\/article\/united-states-democracy-presidents-threats-joint-statement-5530a89df2c41d58a22961f63fb0e6ff\">na Biblioteca Presidencial LBJ<\/a> em Austin, Texas, foi projetado para marcar o <a href=\"https:\/\/apnews.com\/united-states-government-united-states-congress-general-news-aeff1aa563944d0b906da853195565f9#:~:text=This%20new%20law%20made%20it,application%20of%20voter%20registration%20requirements.\">60\u00ba anivers\u00e1rio da Lei dos Direitos Civis<\/a>promulgada pelo presidente Lyndon Johnson. Enquanto estiver l\u00e1, ele <a href=\"https:\/\/apnews.com\/article\/supreme-court-reform-biden-harris-trump-ffd48f3a2023aeca841bb53c2147ef03\">apelo por mudan\u00e7as no Supremo Tribunal<\/a> que incluem limites de mandato e um c\u00f3digo de \u00e9tica aplic\u00e1vel para ju\u00edzes, bem como uma emenda constitucional que limitaria a imunidade presidencial.<\/p>\n<p class=\"dist__Box-sc-1fnzlkn-0 dist__TextBase-sc-1fnzlkn-3 CGHCP htMUPQ article-text\">Mas a visita assumiu um simbolismo muito diferente nas duas semanas que levou para remarc\u00e1-la depois que Biden teve que cancelar porque contraiu COVID-19. <\/p>\n<p class=\"dist__Box-sc-1fnzlkn-0 dist__TextBase-sc-1fnzlkn-3 CGHCP htMUPQ article-text\">O discurso, originalmente marcado para 15 de julho, foi visto pela Casa Branca como uma oportunidade para Biden tentar defender a causa. <a href=\"https:\/\/apnews.com\/article\/biden-election-2024-presidency-6fa4b6ff9382d9161d21dfc52838008f\">salvando sua campanha presidencial afundando<\/a> \u2014 proferido no distrito natal do deputado Lloyd Doggett, o congressista de 15 mandatos que foi o primeiro legislador democrata a pedir publicamente a ren\u00fancia de Biden. <\/p>\n<p class=\"dist__Box-sc-1fnzlkn-0 dist__TextBase-sc-1fnzlkn-3 CGHCP htMUPQ article-text\">Duas semanas depois, o cen\u00e1rio pol\u00edtico foi remodelado. Biden est\u00e1 fora da corrida. <a href=\"https:\/\/apnews.com\/article\/kamala-harris-fundraiser-presidential-campaign-9f4713f2b07cde2f7b7cbb7bdcfa9240\">Vice-presidente Kamala Harris<\/a> \u00e9 o prov\u00e1vel candidato democrata. E o presidente n\u00e3o est\u00e1 focado nos seus pr\u00f3ximos quatro anos, mas <a href=\"https:\/\/apnews.com\/article\/biden-legacy-lame-duck-foreign-policy-b39af1d7b4351b1183087f914c0e87ad\">sobre o legado do seu mandato \u00fanico e o futuro da democracia<\/a>. <\/p>\n<p class=\"dist__Box-sc-1fnzlkn-0 dist__TextBase-sc-1fnzlkn-3 CGHCP htMUPQ article-text\">Nenhum presidente americano em exerc\u00edcio abandonou a disputa t\u00e3o tarde no processo quanto Biden. Johnson anunciou que n\u00e3o buscaria a reelei\u00e7\u00e3o em mar\u00e7o de 1968, no auge da Guerra do Vietn\u00e3. <\/p>\n<p class=\"dist__Box-sc-1fnzlkn-0 dist__TextBase-sc-1fnzlkn-3 CGHCP htMUPQ article-text\">Biden tem sido alvo de muitas compara\u00e7\u00f5es com Johnson ultimamente. <a href=\"https:\/\/apnews.com\/article\/biden-trump-harris-oval-office-6fc0be75e1b9c9b15f5c07f42324c81b\">Ambos os homens falaram \u00e0 na\u00e7\u00e3o de<\/a> o Sal\u00e3o Oval para expor suas decis\u00f5es. Ambos enfrentaram press\u00e3o de dentro de seu pr\u00f3prio partido para se afastarem, e ambos foram finalmente elogiados por fazerem isso.<\/p>\n<p class=\"dist__Box-sc-1fnzlkn-0 dist__TextBase-sc-1fnzlkn-3 CGHCP htMUPQ article-text\">Mas suas raz\u00f5es eram muito diferentes. Johnson se afastou no calor da guerra e falou longamente sobre sua necessidade de se concentrar no conflito. <a href=\"https:\/\/apnews.com\/article\/biden-age-election-debate-trump-7c366fda83a697265d9ecc77e8a32fd1\">Biden, 81, tinha toda a inten\u00e7\u00e3o<\/a> de concorrer \u00e0 reelei\u00e7\u00e3o at\u00e9 que seu desempenho inst\u00e1vel no debate de 27 de junho acendeu medos dentro de seu pr\u00f3prio partido sobre sua idade e acuidade mental, e se ele poderia vencer <a href=\"https:\/\/apnews.com\/article\/donald-trump-bitcoin-cryptocurrency-stockpile-6f1314f5e99bbf47cc3ee6fc6178588d\">Republicano Donald Trump<\/a>. <\/p>\n<p class=\"dist__Box-sc-1fnzlkn-0 dist__TextBase-sc-1fnzlkn-3 CGHCP htMUPQ article-text\">Biden chamou Trump de uma s\u00e9ria amea\u00e7a \u00e0 democracia, especialmente ap\u00f3s a morte do ex-presidente <a href=\"https:\/\/apnews.com\/article\/donald-trump-election-2020-judiciary-presidential-elections-elections-2fec942d0c09bc31858190afbb5d8e42\">esfor\u00e7os em 2020 para derrubar<\/a> os resultados da elei\u00e7\u00e3o que ele perdeu e <a href=\"https:\/\/apnews.com\/article\/trump-indictment-2020-election-lies-georgia-misinformation-4b2269d68dad3024bd5afa711478505a\">suas mentiras cont\u00ednuas sobre essa perda.<\/a> O presidente justificou sua decis\u00e3o de abandonar a disputa pela necessidade de unir seu partido para proteger a democracia.<\/p>\n<p class=\"dist__Box-sc-1fnzlkn-0 dist__TextBase-sc-1fnzlkn-3 CGHCP htMUPQ article-text\">\u201cDecidi que a melhor maneira de seguir em frente \u00e9 passar a tocha para uma nova gera\u00e7\u00e3o. Essa \u00e9 a melhor maneira de unir nossa na\u00e7\u00e3o\u201d, disse Biden em seu discurso no Sal\u00e3o Oval. \u201cNada, nada pode nos impedir de salvar nossa democracia. E isso inclui ambi\u00e7\u00e3o pessoal.\u201d<\/p>\n<p class=\"dist__Box-sc-1fnzlkn-0 dist__TextBase-sc-1fnzlkn-3 CGHCP htMUPQ article-text\">Biden decidiu concorrer \u00e0 presid\u00eancia em 2020 ap\u00f3s testemunhar a viol\u00eancia em um com\u00edcio &#8220;Unite The Right&#8221; em 2017 em Charlottesville, Virg\u00ednia, onde supremacistas brancos empunhando tochas marcharam para protestar contra a remo\u00e7\u00e3o de uma est\u00e1tua do general confederado Robert E. Lee, gritando &#8220;Voc\u00eas n\u00e3o nos substituir\u00e3o!&#8221; e &#8220;Os judeus n\u00e3o nos substituir\u00e3o!&#8221;<\/p>\n<p class=\"dist__Box-sc-1fnzlkn-0 dist__TextBase-sc-1fnzlkn-3 CGHCP htMUPQ article-text\">Biden disse que ficou horrorizado com a resposta de Trump, principalmente quando o republicano disse aos rep\u00f3rteres que &#8220;havia algumas pessoas muito m\u00e1s naquele grupo, mas tamb\u00e9m havia pessoas muito boas, em ambos os lados&#8221;.<\/p>\n<p class=\"dist__Box-sc-1fnzlkn-0 dist__TextBase-sc-1fnzlkn-3 CGHCP htMUPQ article-text\">Durante sua presid\u00eancia, Biden frequentemente colocou a equidade e os direitos civis em primeiro plano, inclusive em sua escolha para vice-presidente. <a href=\"https:\/\/apnews.com\/article\/kamala-harris-president-democrat-biden-96df4c46fab767269056511037776b15\">Harris \u00e9 a primeira mulher<\/a>Pessoa negra e pessoa de ascend\u00eancia sul-asi\u00e1tica para ter o cargo. Ela tamb\u00e9m pode se tornar a primeira mulher eleita para a presid\u00eancia. <\/p>\n<p class=\"dist__Box-sc-1fnzlkn-0 dist__TextBase-sc-1fnzlkn-3 CGHCP htMUPQ article-text\">O governo Biden trabalhou para combater a discrimina\u00e7\u00e3o racial no mercado imobili\u00e1rio, ele perdoou milhares de pessoas condenadas por acusa\u00e7\u00f5es federais de maconha que afetaram desproporcionalmente pessoas de cor e forneceu financiamento federal para reconectar bairros da cidade que estavam <a href=\"https:\/\/apnews.com\/article\/joe-biden-business-government-and-politics-race-and-ethnicity-95a37b0180715021323f6246dd196674\">racialmente segregados ou divididos por projetos rodovi\u00e1rios<\/a>e tamb\u00e9m investiu bilh\u00f5es em faculdades e universidades historicamente negras.<\/p>\n<p class=\"dist__Box-sc-1fnzlkn-0 dist__TextBase-sc-1fnzlkn-3 CGHCP htMUPQ article-text\">Seus esfor\u00e7os, ele disse, t\u00eam como objetivo impulsionar o pa\u00eds para a frente \u2014 e proteger contra tentativas de minar a legisla\u00e7\u00e3o hist\u00f3rica assinada por Johnson em 1964, uma das conquistas mais significativas dos direitos civis na hist\u00f3ria dos EUA. <\/p>\n<p class=\"dist__Box-sc-1fnzlkn-0 dist__TextBase-sc-1fnzlkn-3 CGHCP htMUPQ article-text\">A lei tornou ilegal discriminar com base em ra\u00e7a, cor, religi\u00e3o, sexo ou origem nacional. Ela foi elaborada para acabar com a discrimina\u00e7\u00e3o na escola, no trabalho e em instala\u00e7\u00f5es p\u00fablicas, e proibiu a aplica\u00e7\u00e3o desigual de requisitos de registro de eleitores.<\/p>\n<p class=\"dist__Box-sc-1fnzlkn-0 dist__TextBase-sc-1fnzlkn-3 CGHCP htMUPQ article-text\">Johnson assinou o ato cinco horas ap\u00f3s o Congresso aprov\u00e1-lo, dizendo que a na\u00e7\u00e3o estava em um \u201cmomento de teste\u201d que \u201cn\u00e3o devemos falhar\u201d. Ele acrescentou: \u201cVamos fechar as fontes do veneno racial. Vamos orar por cora\u00e7\u00f5es s\u00e1bios e compreensivos. Vamos deixar de lado diferen\u00e7as irrelevantes e tornar nossa na\u00e7\u00e3o inteira.\u201d<\/p>\n<p class=\"dist__Box-sc-1fnzlkn-0 dist__TextBase-sc-1fnzlkn-3 CGHCP htMUPQ article-text\">Oito anos depois, Johnson convocou um simp\u00f3sio sobre direitos civis reunindo aqueles que lutavam pelos direitos civis para pressionar por mais progresso. <\/p>\n<p class=\"dist__Box-sc-1fnzlkn-0 dist__TextBase-sc-1fnzlkn-3 CGHCP htMUPQ article-text\">\u201cO progresso tem sido muito pequeno; n\u00e3o fizemos nem de longe o suficiente&#8221;, ele disse em 1972 durante o simp\u00f3sio. \u201cAt\u00e9 superarmos a hist\u00f3ria desigual, n\u00e3o podemos superar a oportunidade desigual&#8230; Ainda h\u00e1 trabalho a ser feito, ent\u00e3o vamos em frente.\u201d<\/p>\n<p class=\"dist__Box-sc-1fnzlkn-0 dist__TextBase-sc-1fnzlkn-3 CGHCP htMUPQ article-text\">Biden disse que est\u00e1 &#8220;determinado a fazer o m\u00e1ximo&#8221; que puder em seus \u00faltimos seis meses no cargo, incluindo a assinatura de uma importante legisla\u00e7\u00e3o que expande os direitos de voto e um projeto de lei da pol\u00edcia federal com o nome de George Floyd. <\/p>\n<p class=\"dist__Box-sc-1fnzlkn-0 dist__TextBase-sc-1fnzlkn-3 CGHCP htMUPQ article-text\">\u201cContinuarei defendendo nossas liberdades pessoais e nossos direitos civis, do direito de votar ao direito de escolher\u201d, disse Biden do Sal\u00e3o Oval. \u201cContinuarei denunciando o \u00f3dio e o extremismo, deixarei claro que n\u00e3o h\u00e1 lugar, n\u00e3o h\u00e1 lugar na Am\u00e9rica para viol\u00eancia pol\u00edtica ou qualquer tipo de viol\u00eancia, ponto final.\u201d <\/p>\n<p class=\"dist__Box-sc-1fnzlkn-0 dist__TextBase-sc-1fnzlkn-3 CGHCP htMUPQ article-text\">Mais tarde na segunda-feira, Biden tamb\u00e9m viajar\u00e1 para Houston para prestar homenagem \u00e0 falecida deputada Sheila Jackson Lee, que morreu em 19 de julho aos 74 anos. <\/p>\n<\/div>\n<p>Copyright 2024 The Associated Press. Todos os direitos reservados. Este material n\u00e3o pode ser publicado, transmitido, reescrito ou redistribu\u00eddo sem permiss\u00e3o.<\/p>\n<p><br \/>\n<br \/><a href=\"https:\/\/www.clickorlando.com\/news\/politics\/2024\/07\/29\/biden-is-pivoting-to-his-legacy-he-speaks-monday-at-the-lbj-presidential-library\/\">Source link <\/a><\/p>","protected":false},"excerpt":{"rendered":"<p>WASHINGTON \u2013 O presidente Joe Biden, que tardiamente optou por n\u00e3o concorrer \u00e0 reelei\u00e7\u00e3o, far\u00e1 uma visita na segunda-feira \u00e0 biblioteca do \u00faltimo presidente para fazer a mesma escolha dif\u00edcil,&hellip;<\/p>","protected":false},"author":1,"featured_media":11256,"comment_status":"closed","ping_status":"open","sticky":false,"template":"","format":"standard","meta":{"content-type":"","footnotes":""},"categories":[1],"tags":[1405,1404,1408,1406,1190,3956,3955,1407,93],"class_list":["post-11255","post","type-post","status-publish","format-standard","has-post-thumbnail","hentry","category-uncategorized","tag-donald-trump","tag-eleicao-presidencial-dos-estados-unidos-de-2024","tag-eleicoes","tag-joe-biden","tag-kamala-harris","tag-lloyd-doggett","tag-lyndon-johnson","tag-noticias-de-washington","tag-politica"],"_links":{"self":[{"href":"https:\/\/tvbrazilusa.com\/pt\/wp-json\/wp\/v2\/posts\/11255","targetHints":{"allow":["GET"]}}],"collection":[{"href":"https:\/\/tvbrazilusa.com\/pt\/wp-json\/wp\/v2\/posts"}],"about":[{"href":"https:\/\/tvbrazilusa.com\/pt\/wp-json\/wp\/v2\/types\/post"}],"author":[{"embeddable":true,"href":"https:\/\/tvbrazilusa.com\/pt\/wp-json\/wp\/v2\/users\/1"}],"replies":[{"embeddable":true,"href":"https:\/\/tvbrazilusa.com\/pt\/wp-json\/wp\/v2\/comments?post=11255"}],"version-history":[{"count":1,"href":"https:\/\/tvbrazilusa.com\/pt\/wp-json\/wp\/v2\/posts\/11255\/revisions"}],"predecessor-version":[{"id":11257,"href":"https:\/\/tvbrazilusa.com\/pt\/wp-json\/wp\/v2\/posts\/11255\/revisions\/11257"}],"wp:featuredmedia":[{"embeddable":true,"href":"https:\/\/tvbrazilusa.com\/pt\/wp-json\/wp\/v2\/media\/11256"}],"wp:attachment":[{"href":"https:\/\/tvbrazilusa.com\/pt\/wp-json\/wp\/v2\/media?parent=11255"}],"wp:term":[{"taxonomy":"category","embeddable":true,"href":"https:\/\/tvbrazilusa.com\/pt\/wp-json\/wp\/v2\/categories?post=11255"},{"taxonomy":"post_tag","embeddable":true,"href":"https:\/\/tvbrazilusa.com\/pt\/wp-json\/wp\/v2\/tags?post=11255"}],"curies":[{"name":"wp","href":"https:\/\/api.w.org\/{rel}","templated":true}]}}