{"id":112569,"date":"2025-03-20T16:04:02","date_gmt":"2025-03-20T16:04:02","guid":{"rendered":"https:\/\/tvbrazilusa.com\/2025\/03\/20\/alerta-veja-dicas-para-evitar-a-bronquiolite\/"},"modified":"2025-03-20T16:04:03","modified_gmt":"2025-03-20T16:04:03","slug":"alerta-veja-dicas-para-evitar-a-bronquiolite","status":"publish","type":"post","link":"https:\/\/tvbrazilusa.com\/pt\/2025\/03\/20\/alerta-veja-dicas-para-evitar-a-bronquiolite\/","title":{"rendered":"ALERTA: Veja dicas para evitar a bronquiolite"},"content":{"rendered":"<p> <script async src=\"https:\/\/pagead2.googlesyndication.com\/pagead\/js\/adsbygoogle.js?client=ca-pub-8864793242727901\"\r\n     crossorigin=\"anonymous\"><\/script><br \/>\n<\/p>\n<div id=\"taboola-read-more\" style=\"display:block; width:100%\">\n<p>Com a chegada do outono, muitos beb\u00eas e crian\u00e7as pequenas apresentam o quadro de bronquiolite, doen\u00e7a respirat\u00f3ria que se caracteriza por uma infec\u00e7\u00e3o aguda de etiologia viral, a qual compromete os bronqu\u00edolos causando inflama\u00e7\u00e3o.\n<\/p>\n<p>O v\u00edrus VSR (v\u00edrus sincicial respirat\u00f3rio) \u00e9 um dos principais agentes etiol\u00f3gicos, podendo ser respons\u00e1vel por at\u00e9 75% das bronquiolites durante os per\u00edodos de sazonalidade.<\/p>\n<p>Segundo o pediatra dr. Gabriel Farias da Cruz, do Hospital Icara\u00ed e do Hospital &#038; Cl\u00ednica S\u00e3o Gon\u00e7alo (HCSG), a doen\u00e7a apresenta sintomas respirat\u00f3rios parecidos com os da gripe, mas se n\u00e3o tratada a tempo, pode evoluir para quadros graves, como pneumonia.\n<\/p>\n<ul>\n<li><strong>Entre os principais sintomas, podemos destacar:<br \/><\/strong>Tosse seca e persistente; respira\u00e7\u00e3o r\u00e1pida; chiado no peito; dificuldade para respirar, com esfor\u00e7o vis\u00edvel do abd\u00f4men; coriza; febre baixa; perda de apetite e irritabilidade.<\/li>\n<\/ul>\n<p><strong>CAUSAS DA BRONQUIOLITE<br \/><\/strong>O especialista lembra ainda que a bronquiolite geralmente \u00e9 causada por uma infec\u00e7\u00e3o viral, sendo a mais comum causada pelo VSR.\n<\/p>\n<p>\u2013 Esse \u00e9 o mais comum, por\u00e9m outros v\u00edrus que provocam resfriados, como o influenza [causador da gripe], o parainfluenza, o rinov\u00edrus e o adenov\u00edrus, tamb\u00e9m podem ser os causadores \u2013 alerta Cruz.\n<\/p>\n<p>Existe ainda a bronquiolite obliterante p\u00f3s-infecciosa, considerada uma doen\u00e7a cr\u00f4nica rara que pode acontecer ap\u00f3s um quadro agudo de bronquiolite viral. Os sintomas incluem respira\u00e7\u00e3o com chiado persistente e falta de ar.\n<\/p>\n<p>Cruz complementa que a doen\u00e7a \u00e9 altamente contagiosa e, por isso, \u00e9 importante evitar ambientes muito fechados com crian\u00e7as, lavar bem as m\u00e3os ao chegar da rua, fazer lavagem nasal, evitar exposi\u00e7\u00e3o da crian\u00e7a a pessoas contaminadas e locais com fuma\u00e7a de cigarro e tomar a vacina da gripe na idade recomendada.<\/p>\n<p>Fonte: Pleno News              <\/p>\n<\/div>\n<p><br \/>\n<br \/><a href=\"https:\/\/diariodobrasilnoticias.com.br\/noticia\/alerta-veja-dicas-para-evitar-a-bronquiolite-67dc38f933d58\">Source link <\/a><\/p>","protected":false},"excerpt":{"rendered":"<p>Com a chegada do outono, muitos beb\u00eas e crian\u00e7as pequenas apresentam o quadro de bronquiolite, doen\u00e7a respirat\u00f3ria que se caracteriza por uma infec\u00e7\u00e3o aguda de etiologia viral, a qual compromete&hellip;<\/p>","protected":false},"author":1,"featured_media":112570,"comment_status":"closed","ping_status":"open","sticky":false,"template":"","format":"standard","meta":{"content-type":"","footnotes":""},"categories":[16],"tags":[123,2448,5313,1267],"class_list":["post-112569","post","type-post","status-publish","format-standard","has-post-thumbnail","hentry","category-noticias","tag-brasil","tag-diario","tag-noticia","tag-noticias"],"_links":{"self":[{"href":"https:\/\/tvbrazilusa.com\/pt\/wp-json\/wp\/v2\/posts\/112569","targetHints":{"allow":["GET"]}}],"collection":[{"href":"https:\/\/tvbrazilusa.com\/pt\/wp-json\/wp\/v2\/posts"}],"about":[{"href":"https:\/\/tvbrazilusa.com\/pt\/wp-json\/wp\/v2\/types\/post"}],"author":[{"embeddable":true,"href":"https:\/\/tvbrazilusa.com\/pt\/wp-json\/wp\/v2\/users\/1"}],"replies":[{"embeddable":true,"href":"https:\/\/tvbrazilusa.com\/pt\/wp-json\/wp\/v2\/comments?post=112569"}],"version-history":[{"count":1,"href":"https:\/\/tvbrazilusa.com\/pt\/wp-json\/wp\/v2\/posts\/112569\/revisions"}],"predecessor-version":[{"id":112571,"href":"https:\/\/tvbrazilusa.com\/pt\/wp-json\/wp\/v2\/posts\/112569\/revisions\/112571"}],"wp:featuredmedia":[{"embeddable":true,"href":"https:\/\/tvbrazilusa.com\/pt\/wp-json\/wp\/v2\/media\/112570"}],"wp:attachment":[{"href":"https:\/\/tvbrazilusa.com\/pt\/wp-json\/wp\/v2\/media?parent=112569"}],"wp:term":[{"taxonomy":"category","embeddable":true,"href":"https:\/\/tvbrazilusa.com\/pt\/wp-json\/wp\/v2\/categories?post=112569"},{"taxonomy":"post_tag","embeddable":true,"href":"https:\/\/tvbrazilusa.com\/pt\/wp-json\/wp\/v2\/tags?post=112569"}],"curies":[{"name":"wp","href":"https:\/\/api.w.org\/{rel}","templated":true}]}}