{"id":112587,"date":"2025-03-20T17:21:03","date_gmt":"2025-03-20T17:21:03","guid":{"rendered":"https:\/\/tvbrazilusa.com\/2025\/03\/20\/homem-e-preso-escondido-em-tumulo-apos-pular-de-caminhao-em-movimento\/"},"modified":"2025-03-20T17:21:07","modified_gmt":"2025-03-20T17:21:07","slug":"homem-e-preso-escondido-em-tumulo-apos-pular-de-caminhao-em-movimento","status":"publish","type":"post","link":"https:\/\/tvbrazilusa.com\/pt\/2025\/03\/20\/homem-e-preso-escondido-em-tumulo-apos-pular-de-caminhao-em-movimento\/","title":{"rendered":"Homem \u00e9 preso escondido em t\u00famulo ap\u00f3s pular de caminh\u00e3o em movimento"},"content":{"rendered":"<p> <script async src=\"https:\/\/pagead2.googlesyndication.com\/pagead\/js\/adsbygoogle.js?client=ca-pub-8864793242727901\"\r\n     crossorigin=\"anonymous\"><\/script><br \/>\n<\/p>\n<div id=\"taboola-read-more\" style=\"display:block; width:100%\">\n<p>Um homem de 22 anos foi preso em flagrante, nessa quarta-feira (19\/3), ap\u00f3s fugir da pol\u00edcia com um caminh\u00e3o cheio de bloqueadores de sinal e tentar se esconder dentro de um t\u00famulo em um cemit\u00e9rio de Jaguari\u00fana, no interior de S\u00e3o Paulo. Segundo a Guarda Civil, a respira\u00e7\u00e3o ofegante do suspeito entregou o esconderijo. Aos guardas, o jovem confessou que iria aplicar um golpe no seguro e que o ve\u00edculo n\u00e3o era roubado.\n<\/p>\n<p>Uma equipe da Pol\u00edcia Militar Rodovi\u00e1ria patrulhava pela Rodovia Campinas-Mogi Mirim, quando se deparou com um caminh\u00e3o branco, da marca Scania, que apresentava aparelhos bloqueadores de sinal. Os PMs deram ordem de parada ao motorista, mas ele n\u00e3o obedeceu e acelerou.<\/p>\n<p>O condutor do caminh\u00e3o empreendeu fuga dos agentes e acessou a Rodovia Jo\u00e3o Beira, que liga Bragan\u00e7a Paulista a Jaguari\u00fana, no interior paulista. Com o ve\u00edculo em movimento, o homem pulou do caminh\u00e3o e correu por uma \u00e1rea de mata pr\u00f3xima a um cemit\u00e9rio. O caminh\u00e3o seguiu pela rodovia desgovernado e colidiu com outros dois ve\u00edculos.\n<\/p>\n<p>Esconderijo assustador<br \/>Durante a fuga, o homem entrou no Cemit\u00e9rio Municipal de Jaguari\u00fana, onde foi encontrado escondido em um t\u00famulo aberto. De acordo com os guardas, para enganar os agentes, o suspeito tapou a abertura do sepulcro com uma placa.\n<\/p>\n<p>Ao passarem pelo local, os GCMs ouviram uma respira\u00e7\u00e3o ofegante vinda do t\u00famulo e fizeram a abordagem. Questionado pelos policiais, o jovem confessou que iria aplicar um golpe no seguro e que o ve\u00edculo n\u00e3o era roubado.\n<\/p>\n<p>Dentro do caminh\u00e3o, os policiais notaram que o painel estava quebrado e encontraram tr\u00eas maletas com aparelhos Jammers \u2014 bloqueadores de sinal de localiza\u00e7\u00e3o. Al\u00e9m disso, foram identificadas placas falsas no interior do autom\u00f3vel.\n<\/p>\n<p>Segundo a Secretaria da Seguran\u00e7a P\u00fablica (SSP), o suspeito foi preso em flagrante e encaminhado \u00e0 delegacia da cidade. O caso foi registrado como desobedi\u00eancia, adultera\u00e7\u00e3o de sinal identificador de ve\u00edculo automotor, trafegar em velocidade incompat\u00edvel, desenvolver clandestinamente atividades de telecomunica\u00e7\u00f5es e dano.\n<\/p>\n<p>Fonte: Metr\u00f3poles              <\/p>\n<\/div>\n<p><br \/>\n<br \/><a href=\"https:\/\/diariodobrasilnoticias.com.br\/noticia\/homem-e-preso-escondido-em-tumulo-apos-pular-de-caminhao-em-movimento-67dc43aa4c275\">Source link <\/a><\/p>","protected":false},"excerpt":{"rendered":"<p>Um homem de 22 anos foi preso em flagrante, nessa quarta-feira (19\/3), ap\u00f3s fugir da pol\u00edcia com um caminh\u00e3o cheio de bloqueadores de sinal e tentar se esconder dentro de&hellip;<\/p>","protected":false},"author":1,"featured_media":112588,"comment_status":"closed","ping_status":"open","sticky":false,"template":"","format":"standard","meta":{"content-type":"","footnotes":""},"categories":[16],"tags":[123,2448,5313,1267],"class_list":["post-112587","post","type-post","status-publish","format-standard","has-post-thumbnail","hentry","category-noticias","tag-brasil","tag-diario","tag-noticia","tag-noticias"],"_links":{"self":[{"href":"https:\/\/tvbrazilusa.com\/pt\/wp-json\/wp\/v2\/posts\/112587","targetHints":{"allow":["GET"]}}],"collection":[{"href":"https:\/\/tvbrazilusa.com\/pt\/wp-json\/wp\/v2\/posts"}],"about":[{"href":"https:\/\/tvbrazilusa.com\/pt\/wp-json\/wp\/v2\/types\/post"}],"author":[{"embeddable":true,"href":"https:\/\/tvbrazilusa.com\/pt\/wp-json\/wp\/v2\/users\/1"}],"replies":[{"embeddable":true,"href":"https:\/\/tvbrazilusa.com\/pt\/wp-json\/wp\/v2\/comments?post=112587"}],"version-history":[{"count":1,"href":"https:\/\/tvbrazilusa.com\/pt\/wp-json\/wp\/v2\/posts\/112587\/revisions"}],"predecessor-version":[{"id":112589,"href":"https:\/\/tvbrazilusa.com\/pt\/wp-json\/wp\/v2\/posts\/112587\/revisions\/112589"}],"wp:featuredmedia":[{"embeddable":true,"href":"https:\/\/tvbrazilusa.com\/pt\/wp-json\/wp\/v2\/media\/112588"}],"wp:attachment":[{"href":"https:\/\/tvbrazilusa.com\/pt\/wp-json\/wp\/v2\/media?parent=112587"}],"wp:term":[{"taxonomy":"category","embeddable":true,"href":"https:\/\/tvbrazilusa.com\/pt\/wp-json\/wp\/v2\/categories?post=112587"},{"taxonomy":"post_tag","embeddable":true,"href":"https:\/\/tvbrazilusa.com\/pt\/wp-json\/wp\/v2\/tags?post=112587"}],"curies":[{"name":"wp","href":"https:\/\/api.w.org\/{rel}","templated":true}]}}