{"id":112596,"date":"2025-03-20T17:45:29","date_gmt":"2025-03-20T17:45:29","guid":{"rendered":"https:\/\/tvbrazilusa.com\/2025\/03\/20\/defesa-de-bolsonaro-recorre-a-oab-contra-moraes-estamos-de-maos-atadas\/"},"modified":"2025-03-20T17:45:30","modified_gmt":"2025-03-20T17:45:30","slug":"defesa-de-bolsonaro-recorre-a-oab-contra-moraes-estamos-de-maos-atadas","status":"publish","type":"post","link":"https:\/\/tvbrazilusa.com\/pt\/2025\/03\/20\/defesa-de-bolsonaro-recorre-a-oab-contra-moraes-estamos-de-maos-atadas\/","title":{"rendered":"Defesa de Bolsonaro recorre \u00e0 OAB contra Moraes: \u2018Estamos de m\u00e3os atadas\u2019"},"content":{"rendered":"<p> <script async src=\"https:\/\/pagead2.googlesyndication.com\/pagead\/js\/adsbygoogle.js?client=ca-pub-8864793242727901\"\r\n     crossorigin=\"anonymous\"><\/script><br \/>\n<\/p>\n<div id=\"taboola-read-more\" style=\"display:block; width:100%\">\n<p>As defesas do ex-presidente Jair Bolsonaro (PL), do general Walter Braga Netto e do coronel Marcelo Costa C\u00e2mara acionaram a Ordem dos Advogados do Brasil (OAB) alegando que o ministro Alexandre de Moraes, do Supremo Tribunal Federal (STF), est\u00e1 cometendo \u201cilegalidades\u201d e violando prerrogativas da advocacia no inqu\u00e9rito do golpe.\n<\/p>\n<p>Os advogados pedem que a OAB \u201ctome as provid\u00eancias que entender cab\u00edveis e necess\u00e1rias para garantir que as prerrogativas profissionais dos advogados postulantes sejam restabelecidas e garantidas\u201d.<\/p>\n<p>\u2013 Os advogados postulantes se encontram de m\u00e3os atadas frente \u00e0s diversas negativas de pleitos que s\u00e3o necess\u00e1rios ao exerc\u00edcio de sua profiss\u00e3o \u2013 diz a representa\u00e7\u00e3o.\n<\/p>\n<p>As defesas pedem uma interven\u00e7\u00e3o \u201curgente\u201d da OAB.\n<\/p>\n<p>\u2013 A impossibilidade de contar amplamente com tais garantias implica no cerceamento da ampla defesa, impede o contradit\u00f3rio efetivo e viola o devido processo legal, tornando a atua\u00e7\u00e3o advocat\u00edcia meramente figurativa.\n<\/p>\n<p>Assinam o pedido os advogados de Bolsonaro: Celso Sanchez Vilardi, Paulo Amador da Cunha Bueno, Daniel Bettamio Tesser, Renata Horovitz Kalim, Luciano Quintanilha de Almeida, Domitila K\u00f6hler, Adriana Pazini de Barros Lima, Alexandre Ribeiro Filho e Eduardo Ferreira da Silva.\n<\/p>\n<p>Tamb\u00e9m s\u00e3o signat\u00e1rios os advogados de Braga Netto: Jos\u00e9 Luis Oliveira Lima, Rodrigo Dall\u2019Acqua, Rog\u00e9rio Costa, Millena Galdiano e Bruno Dallari Oliveira Lima. Al\u00e9m disso, Luiz Eduardo de Almeida Santos Kuntz, advogado de Marcelo C\u00e2mara, tamb\u00e9m assinou o pedido.\n<\/p>\n<p>As defesas insistem que n\u00e3o tiveram acesso a todas as provas da investiga\u00e7\u00e3o, como a \u00edntegra das conversas extra\u00eddas dos celulares apreendidos pela Pol\u00edcia Federal. Tamb\u00e9m afirmam que os advogados receberam HDs com conte\u00fados diferentes.\n<\/p>\n<p>Alexandre de Moraes levantou o sigilo dos autos depois de receber a den\u00fancia. S\u00e3o 18 volumes de documentos que somam mais de 3 mil p\u00e1ginas. A dela\u00e7\u00e3o do tenente-coronel Mauro Cid tamb\u00e9m foi tornada p\u00fablica. O STF deu publicidade aos anexos do termo de colabora\u00e7\u00e3o premiada, tanto em v\u00eddeo como por escrito.\n<\/p>\n<p>Moraes ainda compartilhou com todos os 34 denunciados provas de investiga\u00e7\u00f5es sigilosas que t\u00eam rela\u00e7\u00e3o com a den\u00fancia. S\u00e3o investiga\u00e7\u00f5es que envolvem os supostos aparelhamento da Ag\u00eancia Brasileira de Intelig\u00eancia (Abin) e uso da Pol\u00edcia Rodovi\u00e1ria Federal para influenciar as elei\u00e7\u00f5es de 2022, al\u00e9m dos atos do 8 de Janeiro.\n<\/p>\n<p>Segundo os advogados, contudo, o material n\u00e3o est\u00e1 completo e inviabiliza o exerc\u00edcio integral do direito de defesa.\n<\/p>\n<p>\u2013 O acesso aos autos, neste caso, n\u00e3o \u00e9 o mesmo que o acesso \u00e0 prova. A verdade \u00e9 que a quantidade informa\u00e7\u00f5es desorganizadas camufla as aus\u00eancias enquanto impede a defesa \u2013 explicam.\n<\/p>\n<p>Os advogados afirmam que, mesmo ap\u00f3s o oferecimento da den\u00fancia, o ministro imp\u00f5e \u201cobst\u00e1culos\u201d para o trabalho das defesas.\n<\/p>\n<p>\u2013 O caso \u00e9 grave, mostra-se in\u00e9dito at\u00e9 mesmo para os processos menos democr\u00e1ticos que, na hist\u00f3ria recente, ocuparam as Cortes, as Tribunas e as not\u00edcias.\n<\/p>\n<p>Os criminalistas tamb\u00e9m reclamam que n\u00e3o tiveram prazo adequado para preparar as defesas pr\u00e9vias. A Procuradoria-Geral da Rep\u00fablica (PGR) levou 83 dias para preparar a den\u00fancia. A defesa de Bolsonaro chegou a pedir o mesmo tempo para responder \u00e0s acusa\u00e7\u00f5es, mas Moraes negou a extens\u00e3o do prazo.\n<\/p>\n<p>Os advogados argumentam que, pela jurisprud\u00eancia do STF, o prazo no caso deveria contar em dobro, porque h\u00e1 muitos r\u00e9us e os autos do processo s\u00e3o f\u00edsicos, ou seja, n\u00e3o est\u00e3o integralmente digitalizados.\n<\/p>\n<p>\u2013 Assim, constata-se que a negativa de prazo em dobro gerou incontest\u00e1vel cerceamento de defesa, que resultou no preju\u00edzo concreto de ter sido apresentada resposta \u00e0 den\u00fancia sem tempo h\u00e1bil para an\u00e1lise minuciosa e efetiva dos diversos procedimentos que comp\u00f5em o caso \u2013 finalizam.\n<\/p>\n<p>*AE<\/p>\n<p>Fonte: Pleno News              <\/p>\n<\/div>\n<p><br \/>\n<br \/><a href=\"https:\/\/diariodobrasilnoticias.com.br\/noticia\/defesa-de-bolsonaro-recorre-a-oab-contra-moraes-estamos-de-maos-atadas-67dc33d60f250\">Source link <\/a><\/p>","protected":false},"excerpt":{"rendered":"<p>As defesas do ex-presidente Jair Bolsonaro (PL), do general Walter Braga Netto e do coronel Marcelo Costa C\u00e2mara acionaram a Ordem dos Advogados do Brasil (OAB) alegando que o ministro&hellip;<\/p>","protected":false},"author":1,"featured_media":112597,"comment_status":"closed","ping_status":"open","sticky":false,"template":"","format":"standard","meta":{"content-type":"","footnotes":""},"categories":[16],"tags":[123,2448,5313,1267],"class_list":["post-112596","post","type-post","status-publish","format-standard","has-post-thumbnail","hentry","category-noticias","tag-brasil","tag-diario","tag-noticia","tag-noticias"],"_links":{"self":[{"href":"https:\/\/tvbrazilusa.com\/pt\/wp-json\/wp\/v2\/posts\/112596","targetHints":{"allow":["GET"]}}],"collection":[{"href":"https:\/\/tvbrazilusa.com\/pt\/wp-json\/wp\/v2\/posts"}],"about":[{"href":"https:\/\/tvbrazilusa.com\/pt\/wp-json\/wp\/v2\/types\/post"}],"author":[{"embeddable":true,"href":"https:\/\/tvbrazilusa.com\/pt\/wp-json\/wp\/v2\/users\/1"}],"replies":[{"embeddable":true,"href":"https:\/\/tvbrazilusa.com\/pt\/wp-json\/wp\/v2\/comments?post=112596"}],"version-history":[{"count":1,"href":"https:\/\/tvbrazilusa.com\/pt\/wp-json\/wp\/v2\/posts\/112596\/revisions"}],"predecessor-version":[{"id":112598,"href":"https:\/\/tvbrazilusa.com\/pt\/wp-json\/wp\/v2\/posts\/112596\/revisions\/112598"}],"wp:featuredmedia":[{"embeddable":true,"href":"https:\/\/tvbrazilusa.com\/pt\/wp-json\/wp\/v2\/media\/112597"}],"wp:attachment":[{"href":"https:\/\/tvbrazilusa.com\/pt\/wp-json\/wp\/v2\/media?parent=112596"}],"wp:term":[{"taxonomy":"category","embeddable":true,"href":"https:\/\/tvbrazilusa.com\/pt\/wp-json\/wp\/v2\/categories?post=112596"},{"taxonomy":"post_tag","embeddable":true,"href":"https:\/\/tvbrazilusa.com\/pt\/wp-json\/wp\/v2\/tags?post=112596"}],"curies":[{"name":"wp","href":"https:\/\/api.w.org\/{rel}","templated":true}]}}