{"id":112599,"date":"2025-03-20T17:56:55","date_gmt":"2025-03-20T17:56:55","guid":{"rendered":"https:\/\/tvbrazilusa.com\/2025\/03\/20\/piloto-de-helicoptero-da-policia-e-baleado-ao-sobrevoar-favela\/"},"modified":"2025-03-20T17:56:56","modified_gmt":"2025-03-20T17:56:56","slug":"piloto-de-helicoptero-da-policia-e-baleado-ao-sobrevoar-favela","status":"publish","type":"post","link":"https:\/\/tvbrazilusa.com\/pt\/2025\/03\/20\/piloto-de-helicoptero-da-policia-e-baleado-ao-sobrevoar-favela\/","title":{"rendered":"Piloto de helic\u00f3ptero da pol\u00edcia \u00e9 baleado ao sobrevoar favela"},"content":{"rendered":"<p> <script async src=\"https:\/\/pagead2.googlesyndication.com\/pagead\/js\/adsbygoogle.js?client=ca-pub-8864793242727901\"\r\n     crossorigin=\"anonymous\"><\/script><br \/>\n<\/p>\n<div id=\"taboola-read-more\" style=\"display:block; width:100%\">\n<p>Um policial que pilotava um helic\u00f3ptero da Pol\u00edcia Civil foi baleado na cabe\u00e7a, na manh\u00e3 desta quinta-feira (20), enquanto sobrevoava a comunidade da Vila Alian\u00e7a, na Zona Norte do Rio de Janeiro, em uma a\u00e7\u00e3o da corpora\u00e7\u00e3o. O agente, identificado como Felipe Marques Monteiro, est\u00e1 hospitalizado e o quadro de sa\u00fade dele \u00e9 considerado grav\u00edssimo.\n<\/p>\n<p>Durante a a\u00e7\u00e3o desta quinta, Felipe pilotava uma aeronave do Servi\u00e7o Aeropolicial da Coordenadoria de Recursos Especiais (Core), da Pol\u00edcia Civil fluminense. Por conta do ocorrido, o co-piloto teve que pousar a aeronave. Ap\u00f3s a aterrissagem, o policial baleado foi levado para o Hospital Miguel Couto, na G\u00e1vea, na Zona Sul do Rio, para passar por uma cirurgia.<\/p>\n<p>A a\u00e7\u00e3o da qual os agentes participavam visava combater uma quadrilha especializada em roubos de vans. Segundo a apura\u00e7\u00e3o da pol\u00edcia, o grupo criminoso atua, principalmente, na Zona Oeste da capital. Ap\u00f3s roubar os ve\u00edculos, o bando desmancha e revende as pe\u00e7as. Em um dos endere\u00e7os investigados, na Vila Alian\u00e7a, os bandidos, al\u00e9m de atirarem nos policiais, ainda atearam fogo em barricadas.\n<\/p>\n<p>Fonte: Pleno News              <\/p>\n<\/div>\n<p><br \/>\n<br \/><a href=\"https:\/\/diariodobrasilnoticias.com.br\/noticia\/piloto-de-helicoptero-da-policia-e-baleado-ao-sobrevoar-favela-67dc348932898\">Source link <\/a><\/p>","protected":false},"excerpt":{"rendered":"<p>Um policial que pilotava um helic\u00f3ptero da Pol\u00edcia Civil foi baleado na cabe\u00e7a, na manh\u00e3 desta quinta-feira (20), enquanto sobrevoava a comunidade da Vila Alian\u00e7a, na Zona Norte do Rio&hellip;<\/p>","protected":false},"author":1,"featured_media":112600,"comment_status":"closed","ping_status":"open","sticky":false,"template":"","format":"standard","meta":{"content-type":"","footnotes":""},"categories":[16],"tags":[123,2448,5313,1267],"class_list":["post-112599","post","type-post","status-publish","format-standard","has-post-thumbnail","hentry","category-noticias","tag-brasil","tag-diario","tag-noticia","tag-noticias"],"_links":{"self":[{"href":"https:\/\/tvbrazilusa.com\/pt\/wp-json\/wp\/v2\/posts\/112599","targetHints":{"allow":["GET"]}}],"collection":[{"href":"https:\/\/tvbrazilusa.com\/pt\/wp-json\/wp\/v2\/posts"}],"about":[{"href":"https:\/\/tvbrazilusa.com\/pt\/wp-json\/wp\/v2\/types\/post"}],"author":[{"embeddable":true,"href":"https:\/\/tvbrazilusa.com\/pt\/wp-json\/wp\/v2\/users\/1"}],"replies":[{"embeddable":true,"href":"https:\/\/tvbrazilusa.com\/pt\/wp-json\/wp\/v2\/comments?post=112599"}],"version-history":[{"count":1,"href":"https:\/\/tvbrazilusa.com\/pt\/wp-json\/wp\/v2\/posts\/112599\/revisions"}],"predecessor-version":[{"id":112601,"href":"https:\/\/tvbrazilusa.com\/pt\/wp-json\/wp\/v2\/posts\/112599\/revisions\/112601"}],"wp:featuredmedia":[{"embeddable":true,"href":"https:\/\/tvbrazilusa.com\/pt\/wp-json\/wp\/v2\/media\/112600"}],"wp:attachment":[{"href":"https:\/\/tvbrazilusa.com\/pt\/wp-json\/wp\/v2\/media?parent=112599"}],"wp:term":[{"taxonomy":"category","embeddable":true,"href":"https:\/\/tvbrazilusa.com\/pt\/wp-json\/wp\/v2\/categories?post=112599"},{"taxonomy":"post_tag","embeddable":true,"href":"https:\/\/tvbrazilusa.com\/pt\/wp-json\/wp\/v2\/tags?post=112599"}],"curies":[{"name":"wp","href":"https:\/\/api.w.org\/{rel}","templated":true}]}}